{"id":27964,"date":"2023-11-01T17:05:36","date_gmt":"2023-11-01T20:05:36","guid":{"rendered":"https:\/\/arquivosfutebolbrasil.com.br\/blog\/?p=27964"},"modified":"2023-10-29T17:06:55","modified_gmt":"2023-10-29T20:06:55","slug":"torneio-pentagonal-do-mexico-1970","status":"publish","type":"post","link":"https:\/\/arquivosfutebolbrasil.com.br\/blog\/2023\/11\/01\/torneio-pentagonal-do-mexico-1970\/","title":{"rendered":"Torneio Pentagonal do M\u00e9xico &#8211; 1970"},"content":{"rendered":"<div class=\"wp-block-image\">\n<figure class=\"aligncenter size-full\"><img loading=\"lazy\" decoding=\"async\" width=\"531\" height=\"160\" src=\"https:\/\/arquivosfutebolbrasil.com.br\/blog\/wp-content\/uploads\/2023\/10\/image-39.png\" alt=\"\" class=\"wp-image-27965\" srcset=\"https:\/\/arquivosfutebolbrasil.com.br\/blog\/wp-content\/uploads\/2023\/10\/image-39.png 531w, https:\/\/arquivosfutebolbrasil.com.br\/blog\/wp-content\/uploads\/2023\/10\/image-39-300x90.png 300w\" sizes=\"(max-width: 531px) 100vw, 531px\" \/><\/figure><\/div>\n\n\n<p><strong>Turno \u00danico<\/strong><\/p>\n\n\n\n<p>08.01.1970<br>Guadalajara (MEX) 1&#215;0 Spartak Trnava (TCH), na Cidade do M\u00e9xico &#8211; M\u00e9xico<br>11.01.1970<br>Sele\u00e7\u00e3o do M\u00e9xico 0x0 Botafogo (BRA), na Cidade do M\u00e9xico &#8211; M\u00e9xico<br>15.01.1970<br>Spartak Trnava (TCH) 1&#215;1 Partizan Beograd (IUG), na Cidade do M\u00e9xico &#8211; M\u00e9xico<br>18.01.1970<br>Sele\u00e7\u00e3o do M\u00e9xico 4&#215;2 Spartak Trnava (TCH), na Cidade do M\u00e9xico &#8211; M\u00e9xico<br>20.01.1970<br>Partizan Beograd (IUG) 2&#215;1 Guadalajara (MEX), na Cidade do M\u00e9xico &#8211; M\u00e9xico<br>22.01.1970<br>Spartak Trnava (TCH) 3&#215;1 Botafogo (BRA), na Cidade do M\u00e9xico &#8211; M\u00e9xico<br>25.01.1970<br>Botafogo (BRA) 3&#215;2 Guadalajara (MEX), na Cidade do M\u00e9xico &#8211; M\u00e9xico<br>29.01.1970-<br>Sele\u00e7\u00e3o do M\u00e9xico 1&#215;1 Partizan Beograd (IUG), na Cidade do M\u00e9xico &#8211; M\u00e9xico<br>01.02.1970<br>Partizan Beograd (IUG) 1&#215;0 Botafogo (BRA), na Cidade do M\u00e9xico &#8211; M\u00e9xico<br>Sele\u00e7\u00e3o do M\u00e9xico 2&#215;2 Guadalajara (MEX), na Cidade do M\u00e9xico &#8211; M\u00e9xico<\/p>\n\n\n\n<p>Campe\u00e3o &#8211; Fudbalski Klub Partizan (Iugosl\u00e1via)<\/p>\n\n\n\n<p>Fonte: Julio Bovi Diogo<\/p>\n","protected":false},"excerpt":{"rendered":"<p>Turno \u00danico 08.01.1970Guadalajara (MEX) 1&#215;0 Spartak Trnava (TCH), na Cidade do M\u00e9xico &#8211; M\u00e9xico11.01.1970Sele\u00e7\u00e3o do M\u00e9xico 0x0 Botafogo (BRA), na Cidade do M\u00e9xico &#8211; M\u00e9xico15.01.1970Spartak Trnava (TCH) 1&#215;1 Partizan Beograd (IUG), na Cidade do M\u00e9xico &#8211; M\u00e9xico18.01.1970Sele\u00e7\u00e3o do M\u00e9xico 4&#215;2 Spartak Trnava (TCH), na Cidade do M\u00e9xico &#8211; M\u00e9xico20.01.1970Partizan Beograd (IUG) 2&#215;1 Guadalajara (MEX), na [&hellip;]<\/p>\n","protected":false},"author":2,"featured_media":0,"comment_status":"open","ping_status":"open","sticky":false,"template":"","format":"standard","meta":{"footnotes":""},"categories":[48,42,47,29],"tags":[],"class_list":["post-27964","post","type-post","status-publish","format-standard","hentry","category-campeonatos-historicos","category-jogos-amistosos-internacionais","category-jogos-historicos","category-rio-de-janeiro"],"_links":{"self":[{"href":"https:\/\/arquivosfutebolbrasil.com.br\/blog\/wp-json\/wp\/v2\/posts\/27964"}],"collection":[{"href":"https:\/\/arquivosfutebolbrasil.com.br\/blog\/wp-json\/wp\/v2\/posts"}],"about":[{"href":"https:\/\/arquivosfutebolbrasil.com.br\/blog\/wp-json\/wp\/v2\/types\/post"}],"author":[{"embeddable":true,"href":"https:\/\/arquivosfutebolbrasil.com.br\/blog\/wp-json\/wp\/v2\/users\/2"}],"replies":[{"embeddable":true,"href":"https:\/\/arquivosfutebolbrasil.com.br\/blog\/wp-json\/wp\/v2\/comments?post=27964"}],"version-history":[{"count":1,"href":"https:\/\/arquivosfutebolbrasil.com.br\/blog\/wp-json\/wp\/v2\/posts\/27964\/revisions"}],"predecessor-version":[{"id":27966,"href":"https:\/\/arquivosfutebolbrasil.com.br\/blog\/wp-json\/wp\/v2\/posts\/27964\/revisions\/27966"}],"wp:attachment":[{"href":"https:\/\/arquivosfutebolbrasil.com.br\/blog\/wp-json\/wp\/v2\/media?parent=27964"}],"wp:term":[{"taxonomy":"category","embeddable":true,"href":"https:\/\/arquivosfutebolbrasil.com.br\/blog\/wp-json\/wp\/v2\/categories?post=27964"},{"taxonomy":"post_tag","embeddable":true,"href":"https:\/\/arquivosfutebolbrasil.com.br\/blog\/wp-json\/wp\/v2\/tags?post=27964"}],"curies":[{"name":"wp","href":"https:\/\/api.w.org\/{rel}","templated":true}]}}