{"id":27673,"date":"2023-08-27T07:05:16","date_gmt":"2023-08-27T10:05:16","guid":{"rendered":"https:\/\/arquivosfutebolbrasil.com.br\/blog\/?p=27673"},"modified":"2023-08-27T07:05:17","modified_gmt":"2023-08-27T10:05:17","slug":"torneio-tesoura-junior-sc-1978","status":"publish","type":"post","link":"https:\/\/arquivosfutebolbrasil.com.br\/blog\/2023\/08\/27\/torneio-tesoura-junior-sc-1978\/","title":{"rendered":"Torneio Tesoura Junior (SC) &#8211; 1978"},"content":{"rendered":"<div class=\"wp-block-image\">\n<figure class=\"aligncenter size-full\"><img loading=\"lazy\" decoding=\"async\" width=\"504\" height=\"143\" src=\"https:\/\/arquivosfutebolbrasil.com.br\/blog\/wp-content\/uploads\/2023\/08\/image-116.png\" alt=\"\" class=\"wp-image-27674\" srcset=\"https:\/\/arquivosfutebolbrasil.com.br\/blog\/wp-content\/uploads\/2023\/08\/image-116.png 504w, https:\/\/arquivosfutebolbrasil.com.br\/blog\/wp-content\/uploads\/2023\/08\/image-116-300x85.png 300w\" sizes=\"(max-width: 504px) 100vw, 504px\" \/><\/figure><\/div>\n\n\n<p><strong>Equipes Participantes:<\/strong><\/p>\n\n\n\n<p>Ava\u00ed Futebol Clube (Florian\u00f3polis &#8211; SC)<br>Clube N\u00e1utico Marc\u00edlio Dias (Itaja\u00ed &#8211; SC)<br>Gr\u00eamio Esportivo Juventus (Jaragu\u00e1 do Sul &#8211; SC)<br>Palmeiras Esporte Clube (Blumenau &#8211; SC)<\/p>\n\n\n\n<p><strong>1\u00ba Turno<\/strong><\/p>\n\n\n\n<p>25.02.1978<br>Ava\u00ed 1&#215;0 Juventus, em Florian\u00f3polis<br>27.02.1978<br>Palmeiras 2&#215;2 Marc\u00edlio Dias, em Blumenau<br>02.03.1978<br>Marc\u00edlio Dias 4&#215;1 Ava\u00ed, em Itaja\u00ed<br>Juventus 0x0 Palmeiras, em Jaragu\u00e1 do Sul<br>04.03.1978<br>Ava\u00ed 2&#215;0 Palmeiras, em Florian\u00f3polis<br>06.03.1978<br>Juventus 1&#215;1 Marc\u00edlio Dias, em Jaragu\u00e1 do Sul<\/p>\n\n\n\n<p><strong>2\u00ba Turno<\/strong><\/p>\n\n\n\n<p>09.03.1978<br>Ava\u00ed 1&#215;0 Juventus, em Jaragu\u00e1 do Sul<br>Marc\u00edlio Dias 0x0 Palmeiras, em Itaja\u00ed<br>11.03.1978<br>Palmeiras 2&#215;0 Juventus, em Blumenau<br>12.03.1978<br>Ava\u00ed 0x0 Marc\u00edlio Dias, em Florian\u00f3polis<br>14.03.1978<br>Marc\u00edlio Dias 3&#215;0 Juventus, em Itaja\u00ed<br>17.03.1978<br>Palmeiras 1&#215;1 Ava\u00ed, em Blumenau<\/p>\n\n\n\n<pre class=\"wp-block-code\"><code>    J   V   E   D   GP  GC  PG<\/code><\/pre>\n\n\n\n<p>01\u00ba Ava\u00ed 06 03 02 01 06 05 08<br>02\u00ba Marc\u00edlio Dias 06 02 04 00 10 04 08<br>03\u00ba Palmeiras 06 01 04 01 05 05 06<br>04\u00ba Juventus 06 00 02 04 01 08 02<\/p>\n\n\n\n<p><strong>Final<\/strong><\/p>\n\n\n\n<p>08.04.1978<br>Ava\u00ed 1&#215;0 Marc\u00edlio Dias, em Florian\u00f3polis<br>11.04.1978<br>Marc\u00edlio Dias 3&#215;0 Ava\u00ed, em Itaja\u00ed<br>05.07.1978<br>Ava\u00ed 1&#215;0 Marc\u00edlio Dias, em Itaja\u00ed<\/p>\n\n\n\n<p>Campe\u00e3o &#8211; Ava\u00ed Futebol Clube (Florian\u00f3polis &#8211; SC)<\/p>\n\n\n\n<p>Fonte: &#8220;Torneio e Copas em SC&#8221;, de Adalberto Jorge Kluser<\/p>\n","protected":false},"excerpt":{"rendered":"<p>Equipes Participantes: Ava\u00ed Futebol Clube (Florian\u00f3polis &#8211; SC)Clube N\u00e1utico Marc\u00edlio Dias (Itaja\u00ed &#8211; SC)Gr\u00eamio Esportivo Juventus (Jaragu\u00e1 do Sul &#8211; SC)Palmeiras Esporte Clube (Blumenau &#8211; SC) 1\u00ba Turno 25.02.1978Ava\u00ed 1&#215;0 Juventus, em Florian\u00f3polis27.02.1978Palmeiras 2&#215;2 Marc\u00edlio Dias, em Blumenau02.03.1978Marc\u00edlio Dias 4&#215;1 Ava\u00ed, em Itaja\u00edJuventus 0x0 Palmeiras, em Jaragu\u00e1 do Sul04.03.1978Ava\u00ed 2&#215;0 Palmeiras, em Florian\u00f3polis06.03.1978Juventus 1&#215;1 Marc\u00edlio [&hellip;]<\/p>\n","protected":false},"author":2,"featured_media":0,"comment_status":"open","ping_status":"open","sticky":false,"template":"","format":"standard","meta":{"footnotes":""},"categories":[48,47,36],"tags":[],"class_list":["post-27673","post","type-post","status-publish","format-standard","hentry","category-campeonatos-historicos","category-jogos-historicos","category-santa-catarina"],"_links":{"self":[{"href":"https:\/\/arquivosfutebolbrasil.com.br\/blog\/wp-json\/wp\/v2\/posts\/27673"}],"collection":[{"href":"https:\/\/arquivosfutebolbrasil.com.br\/blog\/wp-json\/wp\/v2\/posts"}],"about":[{"href":"https:\/\/arquivosfutebolbrasil.com.br\/blog\/wp-json\/wp\/v2\/types\/post"}],"author":[{"embeddable":true,"href":"https:\/\/arquivosfutebolbrasil.com.br\/blog\/wp-json\/wp\/v2\/users\/2"}],"replies":[{"embeddable":true,"href":"https:\/\/arquivosfutebolbrasil.com.br\/blog\/wp-json\/wp\/v2\/comments?post=27673"}],"version-history":[{"count":1,"href":"https:\/\/arquivosfutebolbrasil.com.br\/blog\/wp-json\/wp\/v2\/posts\/27673\/revisions"}],"predecessor-version":[{"id":27675,"href":"https:\/\/arquivosfutebolbrasil.com.br\/blog\/wp-json\/wp\/v2\/posts\/27673\/revisions\/27675"}],"wp:attachment":[{"href":"https:\/\/arquivosfutebolbrasil.com.br\/blog\/wp-json\/wp\/v2\/media?parent=27673"}],"wp:term":[{"taxonomy":"category","embeddable":true,"href":"https:\/\/arquivosfutebolbrasil.com.br\/blog\/wp-json\/wp\/v2\/categories?post=27673"},{"taxonomy":"post_tag","embeddable":true,"href":"https:\/\/arquivosfutebolbrasil.com.br\/blog\/wp-json\/wp\/v2\/tags?post=27673"}],"curies":[{"name":"wp","href":"https:\/\/api.w.org\/{rel}","templated":true}]}}