{"id":27495,"date":"2023-09-02T05:48:19","date_gmt":"2023-09-02T08:48:19","guid":{"rendered":"https:\/\/arquivosfutebolbrasil.com.br\/blog\/?p=27495"},"modified":"2023-08-16T05:49:57","modified_gmt":"2023-08-16T08:49:57","slug":"sport-club-internacional-pato-branco-pr-temporada-oficial-de-1977","status":"publish","type":"post","link":"https:\/\/arquivosfutebolbrasil.com.br\/blog\/2023\/09\/02\/sport-club-internacional-pato-branco-pr-temporada-oficial-de-1977\/","title":{"rendered":"Sport Club Internacional (Pato Branco &#8211; PR) &#8211; Temporada Oficial de 1977"},"content":{"rendered":"<div class=\"wp-block-image\">\n<figure class=\"aligncenter size-full\"><img loading=\"lazy\" decoding=\"async\" width=\"678\" height=\"517\" src=\"https:\/\/arquivosfutebolbrasil.com.br\/blog\/wp-content\/uploads\/2023\/08\/image-56.png\" alt=\"\" class=\"wp-image-27496\" srcset=\"https:\/\/arquivosfutebolbrasil.com.br\/blog\/wp-content\/uploads\/2023\/08\/image-56.png 678w, https:\/\/arquivosfutebolbrasil.com.br\/blog\/wp-content\/uploads\/2023\/08\/image-56-300x229.png 300w\" sizes=\"(max-width: 678px) 100vw, 678px\" \/><\/figure><\/div>\n\n\n<p><strong>Campeonato Paranaense &#8211; 2\u00aa Divis\u00e3o<\/strong><\/p>\n\n\n\n<p>01.05.1977<br>Internacional 0x0 Toledo (Toledo &#8211; PR), em Toledo &#8211; PR<br>08.05.1977<br>Internacional 1&#215;2 Tabu (Clevel\u00e2ndia &#8211; PR), em Pato Branco &#8211; PR<br>15.05.1977<br>Internacional 1&#215;1 Palmeiras (Pato Branco &#8211; PR), em Pato Branco &#8211; PR<br>22.05.1977<br>Internacional 0x2 Uni\u00e3o (Francisco Beltr\u00e3o &#8211; PR), em Pato Branco &#8211; PR<br>05.06.1977<br>Internacional 3&#215;0 Toledo (Toledo &#8211; PR), em Pato Branco &#8211; PR<br>11.06.1977<br>Internacional 2&#215;1 Tabu (Clevel\u00e2ndia &#8211; PR), em Clevel\u00e2ndia &#8211; PR<br>18.06.1977<br>Internacional 2&#215;3 Palmeiras (Pato Branco &#8211; PR), em Pato Branco &#8211; PR<br>25.06.1977<br>Internacional 0x2 Uni\u00e3o (Francisco Beltr\u00e3o &#8211; PR), em Francisco Beltr\u00e3o &#8211; PR<\/p>\n\n\n\n<p>Fonte: Julio Bovi Diogo e Levi Mulford Chrestenzen<\/p>\n","protected":false},"excerpt":{"rendered":"<p>Campeonato Paranaense &#8211; 2\u00aa Divis\u00e3o 01.05.1977Internacional 0x0 Toledo (Toledo &#8211; PR), em Toledo &#8211; PR08.05.1977Internacional 1&#215;2 Tabu (Clevel\u00e2ndia &#8211; PR), em Pato Branco &#8211; PR15.05.1977Internacional 1&#215;1 Palmeiras (Pato Branco &#8211; PR), em Pato Branco &#8211; PR22.05.1977Internacional 0x2 Uni\u00e3o (Francisco Beltr\u00e3o &#8211; PR), em Pato Branco &#8211; PR05.06.1977Internacional 3&#215;0 Toledo (Toledo &#8211; PR), em Pato Branco [&hellip;]<\/p>\n","protected":false},"author":2,"featured_media":0,"comment_status":"open","ping_status":"open","sticky":false,"template":"","format":"standard","meta":{"footnotes":""},"categories":[48,54,47,25,57],"tags":[],"class_list":["post-27495","post","type-post","status-publish","format-standard","hentry","category-campeonatos-historicos","category-fotos-historicas","category-jogos-historicos","category-parana","category-temporadas"],"_links":{"self":[{"href":"https:\/\/arquivosfutebolbrasil.com.br\/blog\/wp-json\/wp\/v2\/posts\/27495"}],"collection":[{"href":"https:\/\/arquivosfutebolbrasil.com.br\/blog\/wp-json\/wp\/v2\/posts"}],"about":[{"href":"https:\/\/arquivosfutebolbrasil.com.br\/blog\/wp-json\/wp\/v2\/types\/post"}],"author":[{"embeddable":true,"href":"https:\/\/arquivosfutebolbrasil.com.br\/blog\/wp-json\/wp\/v2\/users\/2"}],"replies":[{"embeddable":true,"href":"https:\/\/arquivosfutebolbrasil.com.br\/blog\/wp-json\/wp\/v2\/comments?post=27495"}],"version-history":[{"count":1,"href":"https:\/\/arquivosfutebolbrasil.com.br\/blog\/wp-json\/wp\/v2\/posts\/27495\/revisions"}],"predecessor-version":[{"id":27497,"href":"https:\/\/arquivosfutebolbrasil.com.br\/blog\/wp-json\/wp\/v2\/posts\/27495\/revisions\/27497"}],"wp:attachment":[{"href":"https:\/\/arquivosfutebolbrasil.com.br\/blog\/wp-json\/wp\/v2\/media?parent=27495"}],"wp:term":[{"taxonomy":"category","embeddable":true,"href":"https:\/\/arquivosfutebolbrasil.com.br\/blog\/wp-json\/wp\/v2\/categories?post=27495"},{"taxonomy":"post_tag","embeddable":true,"href":"https:\/\/arquivosfutebolbrasil.com.br\/blog\/wp-json\/wp\/v2\/tags?post=27495"}],"curies":[{"name":"wp","href":"https:\/\/api.w.org\/{rel}","templated":true}]}}