{"id":27342,"date":"2023-08-03T05:33:42","date_gmt":"2023-08-03T08:33:42","guid":{"rendered":"https:\/\/arquivosfutebolbrasil.com.br\/blog\/?p=27342"},"modified":"2023-08-03T05:34:21","modified_gmt":"2023-08-03T08:34:21","slug":"torneio-internacional-de-cannes-franca-sub-18-1974","status":"publish","type":"post","link":"https:\/\/arquivosfutebolbrasil.com.br\/blog\/2023\/08\/03\/torneio-internacional-de-cannes-franca-sub-18-1974\/","title":{"rendered":"Torneio Internacional de Cannes (Fran\u00e7a) &#8211; Juvenil &#8211; 1974"},"content":{"rendered":"<div class=\"wp-block-image\">\n<figure class=\"aligncenter size-full\"><img loading=\"lazy\" decoding=\"async\" width=\"677\" height=\"526\" src=\"https:\/\/arquivosfutebolbrasil.com.br\/blog\/wp-content\/uploads\/2023\/08\/image-7.png\" alt=\"\" class=\"wp-image-27343\" srcset=\"https:\/\/arquivosfutebolbrasil.com.br\/blog\/wp-content\/uploads\/2023\/08\/image-7.png 677w, https:\/\/arquivosfutebolbrasil.com.br\/blog\/wp-content\/uploads\/2023\/08\/image-7-300x233.png 300w\" sizes=\"(max-width: 677px) 100vw, 677px\" \/><\/figure><\/div>\n\n\n<p><strong>Quartas de Final<\/strong><\/p>\n\n\n\n<p>10.04.1974<br>Fran\u00e7a 2&#215;0 M\u00e9xico, em Cannes &#8211; Fran\u00e7a<br>Holanda 3&#215;0 Uni\u00e3o Sovi\u00e9tica, em Cannes &#8211; Fran\u00e7a<br>11.04.1974<br>Brasil 3&#215;1 Hungria, em Cannes &#8211; Fran\u00e7a<br>It\u00e1lia 1&#215;0 Rom\u00eania, em Cannes &#8211; Fran\u00e7a<\/p>\n\n\n\n<p><strong>Semi Final<\/strong><\/p>\n\n\n\n<p>12.04.1974<br>Holanda 0x0 Fran\u00e7a (5&#215;3 esc), em Cannes &#8211; Fran\u00e7a<br>13.04.1974<br>Brasil 0x0 It\u00e1lia (5&#215;3 esc), em Cannes &#8211; Fran\u00e7a<\/p>\n\n\n\n<p><strong>Decis\u00e3o do 5\u00ba ao 8\u00ba Lugar<\/strong><\/p>\n\n\n\n<p>12.04.1974<br>M\u00e9xico 3&#215;2 Uni\u00e3o Sovi\u00e9tica, em Cannes &#8211; Fran\u00e7a<br>13.04.1974<br>Hungria 2&#215;1 Rom\u00eania, em Cannes &#8211; Fran\u00e7a<\/p>\n\n\n\n<p><strong>Decis\u00e3o do 7\u00ba Lugar<\/strong><\/p>\n\n\n\n<p>15.04.1974<br>Rom\u00eania 2&#215;1 Uni\u00e3o Sovi\u00e9tica, em Cannes &#8211; Fran\u00e7a<\/p>\n\n\n\n<p><strong>Decis\u00e3o do 5\u00ba Lugar<\/strong><\/p>\n\n\n\n<p>14.04.1974<br>M\u00e9xico 1&#215;0 Hungria, em Cannes &#8211; Fran\u00e7a<\/p>\n\n\n\n<p><strong>Decis\u00e3o do 3\u00ba Lugar<\/strong><\/p>\n\n\n\n<p>14.04.1974<br>Fran\u00e7a 4&#215;2 It\u00e1lia, em Cannes &#8211; Fran\u00e7a<\/p>\n\n\n\n<p><strong>Final<\/strong><\/p>\n\n\n\n<p>15.04.1974<br>Brasil 3&#215;1 Holanda, em Cannes &#8211; Fran\u00e7a<\/p>\n\n\n\n<p>Campe\u00e3 &#8211; Sele\u00e7\u00e3o do Brasil<\/p>\n\n\n\n<p>Fonte: Julio Bovi Diogo<\/p>\n","protected":false},"excerpt":{"rendered":"<p>Quartas de Final 10.04.1974Fran\u00e7a 2&#215;0 M\u00e9xico, em Cannes &#8211; Fran\u00e7aHolanda 3&#215;0 Uni\u00e3o Sovi\u00e9tica, em Cannes &#8211; Fran\u00e7a11.04.1974Brasil 3&#215;1 Hungria, em Cannes &#8211; Fran\u00e7aIt\u00e1lia 1&#215;0 Rom\u00eania, em Cannes &#8211; Fran\u00e7a Semi Final 12.04.1974Holanda 0x0 Fran\u00e7a (5&#215;3 esc), em Cannes &#8211; Fran\u00e7a13.04.1974Brasil 0x0 It\u00e1lia (5&#215;3 esc), em Cannes &#8211; Fran\u00e7a Decis\u00e3o do 5\u00ba ao 8\u00ba Lugar 12.04.1974M\u00e9xico [&hellip;]<\/p>\n","protected":false},"author":2,"featured_media":0,"comment_status":"open","ping_status":"open","sticky":false,"template":"","format":"standard","meta":{"footnotes":""},"categories":[1,48,54,56,47],"tags":[],"class_list":["post-27342","post","type-post","status-publish","format-standard","hentry","category-brasil","category-campeonatos-historicos","category-fotos-historicas","category-futebol-categorias-de-base","category-jogos-historicos"],"_links":{"self":[{"href":"https:\/\/arquivosfutebolbrasil.com.br\/blog\/wp-json\/wp\/v2\/posts\/27342"}],"collection":[{"href":"https:\/\/arquivosfutebolbrasil.com.br\/blog\/wp-json\/wp\/v2\/posts"}],"about":[{"href":"https:\/\/arquivosfutebolbrasil.com.br\/blog\/wp-json\/wp\/v2\/types\/post"}],"author":[{"embeddable":true,"href":"https:\/\/arquivosfutebolbrasil.com.br\/blog\/wp-json\/wp\/v2\/users\/2"}],"replies":[{"embeddable":true,"href":"https:\/\/arquivosfutebolbrasil.com.br\/blog\/wp-json\/wp\/v2\/comments?post=27342"}],"version-history":[{"count":2,"href":"https:\/\/arquivosfutebolbrasil.com.br\/blog\/wp-json\/wp\/v2\/posts\/27342\/revisions"}],"predecessor-version":[{"id":27345,"href":"https:\/\/arquivosfutebolbrasil.com.br\/blog\/wp-json\/wp\/v2\/posts\/27342\/revisions\/27345"}],"wp:attachment":[{"href":"https:\/\/arquivosfutebolbrasil.com.br\/blog\/wp-json\/wp\/v2\/media?parent=27342"}],"wp:term":[{"taxonomy":"category","embeddable":true,"href":"https:\/\/arquivosfutebolbrasil.com.br\/blog\/wp-json\/wp\/v2\/categories?post=27342"},{"taxonomy":"post_tag","embeddable":true,"href":"https:\/\/arquivosfutebolbrasil.com.br\/blog\/wp-json\/wp\/v2\/tags?post=27342"}],"curies":[{"name":"wp","href":"https:\/\/api.w.org\/{rel}","templated":true}]}}