{"id":27293,"date":"2023-08-24T13:06:40","date_gmt":"2023-08-24T16:06:40","guid":{"rendered":"https:\/\/arquivosfutebolbrasil.com.br\/blog\/?p=27293"},"modified":"2023-07-31T13:39:27","modified_gmt":"2023-07-31T16:39:27","slug":"sao-francisco-futebol-clube-rio-branco-ac-temporada-oficial-de-2023","status":"publish","type":"post","link":"https:\/\/arquivosfutebolbrasil.com.br\/blog\/2023\/08\/24\/sao-francisco-futebol-clube-rio-branco-ac-temporada-oficial-de-2023\/","title":{"rendered":"S\u00e3o Francisco Futebol Clube (Rio Branco &#8211; AC) &#8211; Temporada Oficial de 2023"},"content":{"rendered":"<div class=\"wp-block-image\">\n<figure class=\"aligncenter size-full\"><img loading=\"lazy\" decoding=\"async\" width=\"674\" height=\"460\" src=\"https:\/\/arquivosfutebolbrasil.com.br\/blog\/wp-content\/uploads\/2023\/07\/image-167.png\" alt=\"\" class=\"wp-image-27294\" srcset=\"https:\/\/arquivosfutebolbrasil.com.br\/blog\/wp-content\/uploads\/2023\/07\/image-167.png 674w, https:\/\/arquivosfutebolbrasil.com.br\/blog\/wp-content\/uploads\/2023\/07\/image-167-300x205.png 300w\" sizes=\"(max-width: 674px) 100vw, 674px\" \/><\/figure><\/div>\n\n\n<p><strong>Campeonato Brasileiro &#8211; S\u00e9rie D<\/strong><\/p>\n\n\n\n<p>07.05.2023<br>S\u00e3o Francisco 1&#215;0 S\u00e3o Raimundo (Boa Vista &#8211; RR), em Rio Branco &#8211; AC<br>14.05.2023<br>S\u00e3o Francisco 0x4 Princesa do Solim\u00f5es (Manacapuru &#8211; AM), em Manacapuru &#8211; AM<br>21.05.2023<br>S\u00e3o Francisco 0x1 Tuna Luso (Bel\u00e9m &#8211; PA), em Rio Branco &#8211; AC<br>29.05.2023<br>S\u00e3o Francisco 0x2 \u00c1guia de Marab\u00e1 (Marab\u00e1 &#8211; PA), em Marab\u00e1 &#8211; PA<br>04.06.2023<br>S\u00e3o Francisco 1&#215;4 Humait\u00e1 (Porto Acre &#8211; AC), em Rio Branco &#8211; AC<br>08.06.2023<br>S\u00e3o Francisco 1&#215;0 Trem (Macap\u00e1 &#8211; AP), em Rio Branco &#8211; AC<br>11.06.2023<br>S\u00e3o Francisco 0x2 Nacional (Manaus &#8211; AM), em Manaus &#8211; AM<br>14.06.2023<br>S\u00e3o Francisco 0x3 Nacional (Manaus &#8211; AM), em Rio Branco &#8211; AC<br>18.06.2023<br>S\u00e3o Francisco 1&#215;4 Trem (Macap\u00e1 &#8211; AP), em Macap\u00e1 &#8211; AP<br>24.06.2023<br>S\u00e3o Francisco 1&#215;0 Humait\u00e1 (Porto Acre &#8211; AC), em Rio Branco &#8211; AC<br>02.07.2023<br>S\u00e3o Francisco 0x1 \u00c1guia de Marab\u00e1 (Marab\u00e1 &#8211; PA), em Rio Branco &#8211; AC<br>09.07.2023<br>S\u00e3o Francisco 0x2 Tuna Luso (Bel\u00e9m &#8211; PA), em Bel\u00e9m &#8211; PA<br>16.07.2023<br>S\u00e3o Francisco 0x3 Princesa do Solim\u00f5es (Manacapuru &#8211; AM), em Rio Branco &#8211; AC<br>22.07.2023<br>S\u00e3o Francisco 0x7 S\u00e3o Raimundo (Boa Vista &#8211; RR), em Boa Vista &#8211; RR<\/p>\n\n\n\n<p><strong>Copa do Brasil<\/strong><\/p>\n\n\n\n<p>22.02.2023<br>S\u00e3o Francisco 1&#215;1 Ypiranga (Erechim &#8211; RS), em Rio Branco &#8211; AC<\/p>\n\n\n\n<p><strong>Copa Verde<\/strong><\/p>\n\n\n\n<p>17.02.2023<br>S\u00e3o Francisco 6&#215;3 Atl\u00e9tico (Rio Branco &#8211; AC), em Rio Branco &#8211; AC<br>01.03.2023<br>S\u00e3o Francisco 0x6 S\u00e3o Raimundo (Boa Vista &#8211; RR), em Boa Vista &#8211; RR<\/p>\n\n\n\n<p><strong>Campeonato Acreano &#8211; 1\u00aa Divis\u00e3o &#8211; 2023<\/strong><\/p>\n\n\n\n<p>05.03.2023<br>S\u00e3o Francisco 4&#215;1 Vasco da Gama (Rio Branco &#8211; AC), em Rio Branco &#8211; AC<br>18.03.2023<br>S\u00e3o Francisco 2&#215;1 N\u00e1uas (Cruzeiro do Sul &#8211; AC), em Rio Branco &#8211; AC<br>28.03.2023<br>S\u00e3o Francisco 4&#215;3 Atl\u00e9tico (Rio Branco &#8211; AC), em Rio Branco &#8211; AC<br>08.04.2023<br>S\u00e3o Francisco 2&#215;2 Galvez (Rio Branco &#8211; AC), em Rio Branco &#8211; AC<br>15.04.2023<br>S\u00e3o Francisco 0x2 Rio Branco (Rio Branco &#8211; AC), em Rio Branco &#8211; AC<br>19.04.2023<br>S\u00e3o Francisco 1&#215;3 Humait\u00e1 (Porto Acre &#8211; AC), em Rio Branco &#8211; AC<br>23.04.2023<br>S\u00e3o Francisco 0x4 Galvez (Rio Branco &#8211; AC), em Rio Branco &#8211; AC<br>26.04.2023<br>S\u00e3o Francisco 3&#215;0 Atl\u00e9tico (Rio Branco &#8211; AC), em Rio Branco &#8211; AC<br>30.04.2023<br>S\u00e3o Francisco 2&#215;4 Independ\u00eancia (Rio Branco &#8211; AC), em Rio Branco &#8211; AC<\/p>\n\n\n\n<p>Fonte: Julio Bovi Diogo<\/p>\n","protected":false},"excerpt":{"rendered":"<p>Campeonato Brasileiro &#8211; S\u00e9rie D 07.05.2023S\u00e3o Francisco 1&#215;0 S\u00e3o Raimundo (Boa Vista &#8211; RR), em Rio Branco &#8211; AC14.05.2023S\u00e3o Francisco 0x4 Princesa do Solim\u00f5es (Manacapuru &#8211; AM), em Manacapuru &#8211; AM21.05.2023S\u00e3o Francisco 0x1 Tuna Luso (Bel\u00e9m &#8211; PA), em Rio Branco &#8211; AC29.05.2023S\u00e3o Francisco 0x2 \u00c1guia de Marab\u00e1 (Marab\u00e1 &#8211; PA), em Marab\u00e1 &#8211; PA04.06.2023S\u00e3o [&hellip;]<\/p>\n","protected":false},"author":2,"featured_media":0,"comment_status":"open","ping_status":"open","sticky":false,"template":"","format":"standard","meta":{"footnotes":""},"categories":[5,1,48,54,47,57],"tags":[],"class_list":["post-27293","post","type-post","status-publish","format-standard","hentry","category-acre","category-brasil","category-campeonatos-historicos","category-fotos-historicas","category-jogos-historicos","category-temporadas"],"_links":{"self":[{"href":"https:\/\/arquivosfutebolbrasil.com.br\/blog\/wp-json\/wp\/v2\/posts\/27293"}],"collection":[{"href":"https:\/\/arquivosfutebolbrasil.com.br\/blog\/wp-json\/wp\/v2\/posts"}],"about":[{"href":"https:\/\/arquivosfutebolbrasil.com.br\/blog\/wp-json\/wp\/v2\/types\/post"}],"author":[{"embeddable":true,"href":"https:\/\/arquivosfutebolbrasil.com.br\/blog\/wp-json\/wp\/v2\/users\/2"}],"replies":[{"embeddable":true,"href":"https:\/\/arquivosfutebolbrasil.com.br\/blog\/wp-json\/wp\/v2\/comments?post=27293"}],"version-history":[{"count":2,"href":"https:\/\/arquivosfutebolbrasil.com.br\/blog\/wp-json\/wp\/v2\/posts\/27293\/revisions"}],"predecessor-version":[{"id":27300,"href":"https:\/\/arquivosfutebolbrasil.com.br\/blog\/wp-json\/wp\/v2\/posts\/27293\/revisions\/27300"}],"wp:attachment":[{"href":"https:\/\/arquivosfutebolbrasil.com.br\/blog\/wp-json\/wp\/v2\/media?parent=27293"}],"wp:term":[{"taxonomy":"category","embeddable":true,"href":"https:\/\/arquivosfutebolbrasil.com.br\/blog\/wp-json\/wp\/v2\/categories?post=27293"},{"taxonomy":"post_tag","embeddable":true,"href":"https:\/\/arquivosfutebolbrasil.com.br\/blog\/wp-json\/wp\/v2\/tags?post=27293"}],"curies":[{"name":"wp","href":"https:\/\/api.w.org\/{rel}","templated":true}]}}