{"id":27261,"date":"2023-07-31T06:33:05","date_gmt":"2023-07-31T09:33:05","guid":{"rendered":"https:\/\/arquivosfutebolbrasil.com.br\/blog\/?p=27261"},"modified":"2023-07-31T06:33:05","modified_gmt":"2023-07-31T09:33:05","slug":"patriotas-futebol-clube-ltda-curitiba-pr-temporada-oficial-de-2023","status":"publish","type":"post","link":"https:\/\/arquivosfutebolbrasil.com.br\/blog\/2023\/07\/31\/patriotas-futebol-clube-ltda-curitiba-pr-temporada-oficial-de-2023\/","title":{"rendered":"Patriotas Futebol Clube Ltda (Curitiba &#8211; PR) &#8211; Temporada Oficial de 2023"},"content":{"rendered":"<div class=\"wp-block-image\">\n<figure class=\"aligncenter size-full\"><img loading=\"lazy\" decoding=\"async\" width=\"605\" height=\"410\" src=\"https:\/\/arquivosfutebolbrasil.com.br\/blog\/wp-content\/uploads\/2023\/07\/image-157.png\" alt=\"\" class=\"wp-image-27262\" srcset=\"https:\/\/arquivosfutebolbrasil.com.br\/blog\/wp-content\/uploads\/2023\/07\/image-157.png 605w, https:\/\/arquivosfutebolbrasil.com.br\/blog\/wp-content\/uploads\/2023\/07\/image-157-300x203.png 300w\" sizes=\"(max-width: 605px) 100vw, 605px\" \/><\/figure><\/div>\n\n\n<p><strong>Campeonato Paranaense &#8211; 2\u00aa Divis\u00e3o &#8211; 2023<\/strong><\/p>\n\n\n\n<p>Andraus Clube Andraus do Brasil Ltda. Campo Largo Campanha Forma\u00e7\u00e3o<br>30.04.2023<br>Patriotas 2&#215;0 Igua\u00e7u (Uni\u00e3o da Vit\u00f3ria &#8211; PR), em Uni\u00e3o da Vit\u00f3ria &#8211; PR<br>07.05.2023<br>Patriotas 1&#215;0 Toledo (Toledo &#8211; PR), em Curitiba &#8211; PR<br>14.05.2023<br>Patriotas 0x0 Andraus (Campo Largo &#8211; PR), em Curitiba &#8211; PR<br>20.05.2023<br>Patriotas 1&#215;0 Apucarana Sports (Apucarana &#8211; PR0, em Apucarana &#8211; PR<br>27.05.2023<br>Patriotas 4&#215;1 Arauc\u00e1ria (Arauc\u00e1ria &#8211; PR), em Curitiba &#8211; PR<br>04.06.2023<br>Patriotas 2&#215;1 Gr\u00eamio Maring\u00e1 (Maring\u00e1 &#8211; PR), em Maring\u00e1 &#8211; PR<br>10.06.2023<br>Patriotas 1&#215;0 PSTC (Londrina &#8211; PR), em Alvorada do Sul &#8211; PR<br>18.06.2023<br>Patriotas 1&#215;1 Laranja Mec\u00e2nica (Arapongas &#8211; PR), em Curitiba &#8211; PR<br>25.06.2023<br>Patriotas 2&#215;2 Paran\u00e1 (Curitiba &#8211; PR), em Curitiba &#8211; PR<br>01.07.2023<br>Patriotas 3&#215;2 PSTC (Londrina &#8211; PR), em Alvorada do Sul &#8211; PR<br>09.07.2023<br>Patriotas 1&#215;2 PSTC (Londrina &#8211; PR), em Curitiba &#8211; PR<\/p>\n\n\n\n<p>Fonte: Julio Bovi Diogo<\/p>\n","protected":false},"excerpt":{"rendered":"<p>Campeonato Paranaense &#8211; 2\u00aa Divis\u00e3o &#8211; 2023 Andraus Clube Andraus do Brasil Ltda. Campo Largo Campanha Forma\u00e7\u00e3o30.04.2023Patriotas 2&#215;0 Igua\u00e7u (Uni\u00e3o da Vit\u00f3ria &#8211; PR), em Uni\u00e3o da Vit\u00f3ria &#8211; PR07.05.2023Patriotas 1&#215;0 Toledo (Toledo &#8211; PR), em Curitiba &#8211; PR14.05.2023Patriotas 0x0 Andraus (Campo Largo &#8211; PR), em Curitiba &#8211; PR20.05.2023Patriotas 1&#215;0 Apucarana Sports (Apucarana &#8211; PR0, [&hellip;]<\/p>\n","protected":false},"author":2,"featured_media":0,"comment_status":"open","ping_status":"open","sticky":false,"template":"","format":"standard","meta":{"footnotes":""},"categories":[48,54,47,25,57],"tags":[],"class_list":["post-27261","post","type-post","status-publish","format-standard","hentry","category-campeonatos-historicos","category-fotos-historicas","category-jogos-historicos","category-parana","category-temporadas"],"_links":{"self":[{"href":"https:\/\/arquivosfutebolbrasil.com.br\/blog\/wp-json\/wp\/v2\/posts\/27261"}],"collection":[{"href":"https:\/\/arquivosfutebolbrasil.com.br\/blog\/wp-json\/wp\/v2\/posts"}],"about":[{"href":"https:\/\/arquivosfutebolbrasil.com.br\/blog\/wp-json\/wp\/v2\/types\/post"}],"author":[{"embeddable":true,"href":"https:\/\/arquivosfutebolbrasil.com.br\/blog\/wp-json\/wp\/v2\/users\/2"}],"replies":[{"embeddable":true,"href":"https:\/\/arquivosfutebolbrasil.com.br\/blog\/wp-json\/wp\/v2\/comments?post=27261"}],"version-history":[{"count":1,"href":"https:\/\/arquivosfutebolbrasil.com.br\/blog\/wp-json\/wp\/v2\/posts\/27261\/revisions"}],"predecessor-version":[{"id":27263,"href":"https:\/\/arquivosfutebolbrasil.com.br\/blog\/wp-json\/wp\/v2\/posts\/27261\/revisions\/27263"}],"wp:attachment":[{"href":"https:\/\/arquivosfutebolbrasil.com.br\/blog\/wp-json\/wp\/v2\/media?parent=27261"}],"wp:term":[{"taxonomy":"category","embeddable":true,"href":"https:\/\/arquivosfutebolbrasil.com.br\/blog\/wp-json\/wp\/v2\/categories?post=27261"},{"taxonomy":"post_tag","embeddable":true,"href":"https:\/\/arquivosfutebolbrasil.com.br\/blog\/wp-json\/wp\/v2\/tags?post=27261"}],"curies":[{"name":"wp","href":"https:\/\/api.w.org\/{rel}","templated":true}]}}