{"id":27209,"date":"2023-07-22T21:41:49","date_gmt":"2023-07-23T00:41:49","guid":{"rendered":"https:\/\/arquivosfutebolbrasil.com.br\/blog\/?p=27209"},"modified":"2023-07-22T21:41:50","modified_gmt":"2023-07-23T00:41:50","slug":"placido-de-castro-futebol-clube-placido-de-castro-ac-temporada-oficial-de-2019","status":"publish","type":"post","link":"https:\/\/arquivosfutebolbrasil.com.br\/blog\/2023\/07\/22\/placido-de-castro-futebol-clube-placido-de-castro-ac-temporada-oficial-de-2019\/","title":{"rendered":"Pl\u00e1cido de Castro Futebol Clube (Pl\u00e1cido de Castro &#8211; AC) &#8211; Temporada Oficial de 2019"},"content":{"rendered":"<div class=\"wp-block-image\">\n<figure class=\"aligncenter size-full\"><img loading=\"lazy\" decoding=\"async\" width=\"717\" height=\"475\" src=\"https:\/\/arquivosfutebolbrasil.com.br\/blog\/wp-content\/uploads\/2023\/07\/image-142.png\" alt=\"\" class=\"wp-image-27210\" srcset=\"https:\/\/arquivosfutebolbrasil.com.br\/blog\/wp-content\/uploads\/2023\/07\/image-142.png 717w, https:\/\/arquivosfutebolbrasil.com.br\/blog\/wp-content\/uploads\/2023\/07\/image-142-300x199.png 300w\" sizes=\"(max-width: 717px) 100vw, 717px\" \/><\/figure><\/div>\n\n\n<p><strong>Campeonato Acreano &#8211; 1\u00aa Divis\u00e3o &#8211; 2019<\/strong><\/p>\n\n\n\n<p>Pl\u00e1cido de Castro 1&#215;1 Andir\u00e1 (Rio Branco &#8211; AC) \/ 27.01.2019 \/ Rio Branco &#8211; AC \/ \u00c1rbitro: Ant\u00f4nio Jos\u00e9 Moreno Santiago \/ Gols: Leandro e Marcelo Br\u00e1s \/ Pl\u00e1cido de Castro: Bruno, Titi, Taina, Leandro, Fabr\u00edcio, Maia, Balotely, Davi, Renan Pl\u00e1cido, Uilian e Layon \/ Andir\u00e1: Marquinho, Futura (Alex), Kaisson, Fabinho (Lu\u00eds Felipe), Mathaus, Chumbo (Diego), Ley, Baby, Marcelo Br\u00e1s, Testinha e Dentinho<\/p>\n\n\n\n<p>Pl\u00e1cido de Castro 0x1 Atl\u00e9tico (Rio Branco &#8211; AC) \/ 03.02.2019 \/ Rio Branco &#8211; AC \/ \u00c1rbitro: F\u00e1bio Santos de Santana \/ Gol: Diego \/ Pl\u00e1cido de Castro: Bruno, Layon, Wesley, Leandro, Maia, Eder, Leone, Davi, Renan Pl\u00e1cido (Igor), Uilian (Carioca) e Cloninho (Balotely). \/ Atl\u00e9tico: Miller, Matheus, Douglas, Diego, Artur, Leandro, Felipe (Jo\u00e3o Douglas), Marc\u00edlio (Marquinhos), J\u00f3 (Falque), Careca e Diogo<\/p>\n\n\n\n<p>Pl\u00e1cido de Castro 0x1 Humait\u00e1 (Porto Acre &#8211; AC) \/ 14.02.2019 \/ Rio Branco &#8211; AC \/ \u00c1rbitro: Jackson Rodrigues da Silva \/ Gol: Carlos \/ Pl\u00e1cido de Castro: Bruno, Layo, Wesley, Leandro, Maia, Fabr\u00edcio (Danilo), Leone, Davi, Renan Pl\u00e1cido (\u00c9der), Uilian e Z\u00e9 Roberto (Balotely) \/ Humait\u00e1: Marc\u00e3o, Vital, Carioca, Alem\u00e3o, Adriano, Sergipe, Alceu (Bruno Carapan\u00e3), Renan (Adalto), Gilberto, Helson e Carlos (Joj\u00f4)<\/p>\n\n\n\n<p>Pl\u00e1cido de Castro 1&#215;1 Independ\u00eancia (Rio Branco &#8211; AC) \/ 24.02.2019 \/ Rio Branco &#8211; AC \/ \u00c1rbitro: Julian Negreiros de Castro \/ Gols: Paulista e Carna\u00faba \/ Pl\u00e1cido de Castro: Bruno, Layo, Wesley, Tainan (Z\u00e9 Roberto), Fabr\u00edcio, Maia, \u00c9der, Davi, Renan Pl\u00e1cido, Uilian e Paulista (Duilio) \/ Independ\u00eancia: Tiago, Clayton (Alan), Carna\u00faba, Daniel, Thauma, Paulinho, Gugu, L\u00e9o (Hamilton) (Rodrigo), A\u00edlton, Anderson e Moeda<\/p>\n\n\n\n<p>Pl\u00e1cido de Castro 3&#215;2 Rio Branco (Rio Branco &#8211; AC) \/ 07.03.2019 \/ Rio Branco &#8211; AC \/ \u00c1rbitro: Jos\u00e9 Costa de Lima \/ Gols: Mael (2), Leandro, Doca Madureira e La\u00e9rcio \/ Pl\u00e1cido de Castro: Roger, Layo, Hiago, Leandro, Eder, Fabr\u00edcio, Mael, Davi, Paulista (Remerson), Uilian (Zico) e Renan Pl\u00e1cido \/ Rio Branco: Juninho, Nando, Gilson, Rafael, Kinho (Doka Madureira), Mateus, Alex Alc\u00e2ntara (Chay), Bocca, La\u00e9rcio, Geovani (Higor) e Kanu<\/p>\n\n\n\n<p>Pl\u00e1cido de Castro 2&#215;3 Galvez (Rio Branco &#8211; AC) \/ 17.03.2019 \/ Rio Branco &#8211; AC \/ \u00c1rbitro: Jos\u00e9 Ant\u00f4nio Almeida Pinheiro \/ Gols: Adriano (2), Ciel, Mael e Leandro \/ Pl\u00e1cido de Castro: Bruno, Layo, Hiago, Leandro, Maia, Fabr\u00edcio (\u00c9der), Mael, Davi, Paulista (Z\u00e9 Roberto), Uilian (Ivan) e Renan Pl\u00e1cido \/ Galvez: M\u00e1ximo, Pedro Bal\u00fa, J\u00f4, Reginaldo, Thiaguinho, Renato, Thiago (Alem\u00e3o), Nen\u00e9m, Adriano (Mamude), Ciel e Jeferson (Daniego)<\/p>\n\n\n\n<p>Pl\u00e1cido de Castro 4&#215;1 S\u00e3o Francisco (Rio Branco &#8211; AC) \/ 24.03.2019 \/ Rio Branco &#8211; AC \/ \u00c1rbitro: F\u00e1bio Santos de Santana \/ Gols: Mael (2), \u00c9der, Z\u00e9 Roberto e Cristiano \/ Pl\u00e1cido de Castro: Roger, Layo (Lucimar), Hiago, Leandro, Maia, Fabr\u00edcio, Mael, \u00c9der, Renan Pl\u00e1cido, Uillian (Paulista) e Z\u00e9 Roberto (Diulio) \/ S\u00e3o Francisco: Felipe, Pequeno, Jefferson, Bruno, Wellison (C\u00e1ssio), V\u00edtor, Rayson, Francisco, Cristiano, Lilico (Leandro) e Elias (Henrique)<\/p>\n\n\n\n<p>Pl\u00e1cido de Castro 1&#215;1 Vasco da Gama (Rio Branco &#8211; AC) \/ 28.03.2019 \/ Rio Branco &#8211; AC \/ \u00c1rbitro: Jos\u00e9 Ant\u00f4nio Almeida Pinheiro \/ Gols: Mael e Nael \/ Pl\u00e1cido de Castro: Roger, Wesley, Hiago, Leandro, Maia, Fabr\u00edcio (Juninho), Mael, \u00c9der, Paulista, Uilian (Renan Pl\u00e1cido) e Z\u00e9 Roberto (Zico) \/ Vasco da Gama: Lucas, Nael, Marciano, Wesley, Hulan, Irac\u00e9lio (Gustavo), Richard, Renan (Neto), John, Ryan (Mandin) e Andr\u00e9<\/p>\n\n\n\n<p>Pl\u00e1cido de Castro 4&#215;0 N\u00e1uas (Cruzeiro do Sul &#8211; AC) \/ 03.04.2019 \/ Rio Branco &#8211; AC \/ \u00c1rbitro: Jos\u00e9 de Costa Lima \/ Gols: Diulio Mineiro (2), Mael e Weslley (contra) \/ Pl\u00e1cido de Castro: Roger, Eder (Layon), Hiago, Leandro, Maia, Davi, Mael, Uilian, Z\u00e9 Roberto, Juninho (Diulio Mineiro) e Fabr\u00edcio (Renan Pl\u00e1cido) \/ N\u00e1uas: Leal, Clisman, Henrique, Weslley, Manino, Gustavo (Alderlan), Danielson, Adriano (Som), Henry, Eduardo e Carisson (Dotor)<\/p>\n\n\n\n<p>Pl\u00e1cido de Castro 1&#215;2 Galvez (Rio Branco &#8211; AC) \/ 09.04.2019 \/ Rio Branco &#8211; AC \/ \u00c1rbitro: Ant\u00f4nio Jos\u00e9 Pinheiro \/ Gol do Pl\u00e1cido de Castro: Adriano (2) e Mael \/ Pl\u00e1cido de Castro: Roger, Layon, Hiago, Leandro, Maia, Joel (Z\u00e9 Roberto), Mael, Davi (Fabr\u00edcio), Paulista, Juninho (Diulio Mineiro) e \u00c9der \/ Galvez: M\u00e1ximo, Pedro Bal\u00fa, Reginaldo, Juan, Tiaguinho, Wilson, Jeferson, Neto (Nen\u00e9m), Daniego (Alem\u00e3o), Ciel (Thiago) e Adriano.<\/p>\n\n\n\n<p>Fonte: Julio Bovi Diogo<\/p>\n","protected":false},"excerpt":{"rendered":"<p>Campeonato Acreano &#8211; 1\u00aa Divis\u00e3o &#8211; 2019 Pl\u00e1cido de Castro 1&#215;1 Andir\u00e1 (Rio Branco &#8211; AC) \/ 27.01.2019 \/ Rio Branco &#8211; AC \/ \u00c1rbitro: Ant\u00f4nio Jos\u00e9 Moreno Santiago \/ Gols: Leandro e Marcelo Br\u00e1s \/ Pl\u00e1cido de Castro: Bruno, Titi, Taina, Leandro, Fabr\u00edcio, Maia, Balotely, Davi, Renan Pl\u00e1cido, Uilian e Layon \/ Andir\u00e1: Marquinho, [&hellip;]<\/p>\n","protected":false},"author":2,"featured_media":0,"comment_status":"open","ping_status":"open","sticky":false,"template":"","format":"standard","meta":{"footnotes":""},"categories":[5,48,54,47],"tags":[],"class_list":["post-27209","post","type-post","status-publish","format-standard","hentry","category-acre","category-campeonatos-historicos","category-fotos-historicas","category-jogos-historicos"],"_links":{"self":[{"href":"https:\/\/arquivosfutebolbrasil.com.br\/blog\/wp-json\/wp\/v2\/posts\/27209"}],"collection":[{"href":"https:\/\/arquivosfutebolbrasil.com.br\/blog\/wp-json\/wp\/v2\/posts"}],"about":[{"href":"https:\/\/arquivosfutebolbrasil.com.br\/blog\/wp-json\/wp\/v2\/types\/post"}],"author":[{"embeddable":true,"href":"https:\/\/arquivosfutebolbrasil.com.br\/blog\/wp-json\/wp\/v2\/users\/2"}],"replies":[{"embeddable":true,"href":"https:\/\/arquivosfutebolbrasil.com.br\/blog\/wp-json\/wp\/v2\/comments?post=27209"}],"version-history":[{"count":1,"href":"https:\/\/arquivosfutebolbrasil.com.br\/blog\/wp-json\/wp\/v2\/posts\/27209\/revisions"}],"predecessor-version":[{"id":27211,"href":"https:\/\/arquivosfutebolbrasil.com.br\/blog\/wp-json\/wp\/v2\/posts\/27209\/revisions\/27211"}],"wp:attachment":[{"href":"https:\/\/arquivosfutebolbrasil.com.br\/blog\/wp-json\/wp\/v2\/media?parent=27209"}],"wp:term":[{"taxonomy":"category","embeddable":true,"href":"https:\/\/arquivosfutebolbrasil.com.br\/blog\/wp-json\/wp\/v2\/categories?post=27209"},{"taxonomy":"post_tag","embeddable":true,"href":"https:\/\/arquivosfutebolbrasil.com.br\/blog\/wp-json\/wp\/v2\/tags?post=27209"}],"curies":[{"name":"wp","href":"https:\/\/api.w.org\/{rel}","templated":true}]}}