{"id":27179,"date":"2023-07-22T04:58:10","date_gmt":"2023-07-22T07:58:10","guid":{"rendered":"https:\/\/arquivosfutebolbrasil.com.br\/blog\/?p=27179"},"modified":"2023-07-22T04:58:10","modified_gmt":"2023-07-22T07:58:10","slug":"clubes-de-santa-catarina-associacao-atletica-serrana-joinville","status":"publish","type":"post","link":"https:\/\/arquivosfutebolbrasil.com.br\/blog\/2023\/07\/22\/clubes-de-santa-catarina-associacao-atletica-serrana-joinville\/","title":{"rendered":"Clubes de Santa Catarina &#8211; Associa\u00e7\u00e3o Atl\u00e9tica Serrana (Joinville)"},"content":{"rendered":"<div class=\"wp-block-image\">\n<figure class=\"aligncenter size-full\"><img loading=\"lazy\" decoding=\"async\" width=\"619\" height=\"318\" src=\"https:\/\/arquivosfutebolbrasil.com.br\/blog\/wp-content\/uploads\/2023\/07\/image-132.png\" alt=\"\" class=\"wp-image-27180\" srcset=\"https:\/\/arquivosfutebolbrasil.com.br\/blog\/wp-content\/uploads\/2023\/07\/image-132.png 619w, https:\/\/arquivosfutebolbrasil.com.br\/blog\/wp-content\/uploads\/2023\/07\/image-132-300x154.png 300w\" sizes=\"(max-width: 619px) 100vw, 619px\" \/><\/figure><\/div>","protected":false},"excerpt":{"rendered":"","protected":false},"author":2,"featured_media":0,"comment_status":"open","ping_status":"open","sticky":false,"template":"","format":"standard","meta":{"footnotes":""},"categories":[55,39,36],"tags":[],"class_list":["post-27179","post","type-post","status-publish","format-standard","hentry","category-clubes-de-futebol","category-escudos","category-santa-catarina"],"_links":{"self":[{"href":"https:\/\/arquivosfutebolbrasil.com.br\/blog\/wp-json\/wp\/v2\/posts\/27179"}],"collection":[{"href":"https:\/\/arquivosfutebolbrasil.com.br\/blog\/wp-json\/wp\/v2\/posts"}],"about":[{"href":"https:\/\/arquivosfutebolbrasil.com.br\/blog\/wp-json\/wp\/v2\/types\/post"}],"author":[{"embeddable":true,"href":"https:\/\/arquivosfutebolbrasil.com.br\/blog\/wp-json\/wp\/v2\/users\/2"}],"replies":[{"embeddable":true,"href":"https:\/\/arquivosfutebolbrasil.com.br\/blog\/wp-json\/wp\/v2\/comments?post=27179"}],"version-history":[{"count":1,"href":"https:\/\/arquivosfutebolbrasil.com.br\/blog\/wp-json\/wp\/v2\/posts\/27179\/revisions"}],"predecessor-version":[{"id":27181,"href":"https:\/\/arquivosfutebolbrasil.com.br\/blog\/wp-json\/wp\/v2\/posts\/27179\/revisions\/27181"}],"wp:attachment":[{"href":"https:\/\/arquivosfutebolbrasil.com.br\/blog\/wp-json\/wp\/v2\/media?parent=27179"}],"wp:term":[{"taxonomy":"category","embeddable":true,"href":"https:\/\/arquivosfutebolbrasil.com.br\/blog\/wp-json\/wp\/v2\/categories?post=27179"},{"taxonomy":"post_tag","embeddable":true,"href":"https:\/\/arquivosfutebolbrasil.com.br\/blog\/wp-json\/wp\/v2\/tags?post=27179"}],"curies":[{"name":"wp","href":"https:\/\/api.w.org\/{rel}","templated":true}]}}