{"id":27175,"date":"2023-07-23T04:27:06","date_gmt":"2023-07-23T07:27:06","guid":{"rendered":"https:\/\/arquivosfutebolbrasil.com.br\/blog\/?p=27175"},"modified":"2023-07-31T16:33:45","modified_gmt":"2023-07-31T19:33:45","slug":"campeonato-acreano-sub-20-2023","status":"publish","type":"post","link":"https:\/\/arquivosfutebolbrasil.com.br\/blog\/2023\/07\/23\/campeonato-acreano-sub-20-2023\/","title":{"rendered":"Campeonato Acreano \u2013 Sub-20 \u2013 2023"},"content":{"rendered":"<div class=\"wp-block-image\">\n<figure class=\"aligncenter size-full\"><img loading=\"lazy\" decoding=\"async\" width=\"684\" height=\"483\" src=\"https:\/\/arquivosfutebolbrasil.com.br\/blog\/wp-content\/uploads\/2023\/07\/image-172.png\" alt=\"\" class=\"wp-image-27311\" srcset=\"https:\/\/arquivosfutebolbrasil.com.br\/blog\/wp-content\/uploads\/2023\/07\/image-172.png 684w, https:\/\/arquivosfutebolbrasil.com.br\/blog\/wp-content\/uploads\/2023\/07\/image-172-300x212.png 300w\" sizes=\"(max-width: 684px) 100vw, 684px\" \/><\/figure><\/div>\n\n\n<p><strong>Equipes Participantes:<\/strong><\/p>\n\n\n\n<p>Andir\u00e1 Esporte Clube (Rio Branco &#8211; AC)<br>Associa\u00e7\u00e3o Desportiva Vasco da Gama (Rio Branco &#8211; AC)<br>Atl\u00e9tico Acreano (Rio Branco &#8211; AC)<br>Esporte Clube Sena Madureira (Sena Maduriera &#8211; AC)<br>Galvez Esporte Clube (Rio Branco &#8211; AC)<br>Independ\u00eancia Futebol Clube (Rio Branco &#8211; AC)<br>Pl\u00e1cido de Castro Futebol Clube (Pl\u00e1cido de Castro &#8211; AC)<br>Rio Branco Futebol Clube (Rio Branco &#8211; AC)<br>S\u00e3o Francisco Futebol Clube (Rio Branco &#8211; AC)<\/p>\n\n\n\n<p><strong>1\u00aa Fase<\/strong><\/p>\n\n\n\n<p>16.05.2023<br>Andir\u00e1 3&#215;0 S\u00e3o Francisco, em Rio Branco<br>Rio Branco 1&#215;1 Galvez, em Rio Branco<br>19.05.2023<br>Atl\u00e9tico 2&#215;2 Pl\u00e1cido de Castro, em Rio Branco<br>Vasco da Gama 2&#215;1 Independ\u00eancia, em Rio Branco<br>23.05.2023<br>Andir\u00e1 2&#215;1 Sena Madureira, em Rio Branco<br>Galvez 9&#215;0 Pl\u00e1cido de Castro, em Rio Branco<br>26.05.2023<br>Rio Branco 7&#215;1 S\u00e3o Francisco, em Rio Branco<br>Vasco da Gama 2&#215;0 Atl\u00e9tico, em Rio Branco<br>30.05.2023<br>Andir\u00e1 1&#215;0 Independ\u00eancia, em Rio Branco<br>Rio Branco 5&#215;0 Pl\u00e1cido de Castro, em Rio Branco<br>02.06.2023<br>Sena Madureira 3&#215;1 S\u00e3o Francisco, em Rio Branco<br>Galvez 4&#215;0 Atl\u00e9tico, em Rio Branco<br>06.06.2023<br>Vasco da Gama 0x0 Sena Madureira, em Rio Branco<br>Andir\u00e1 1&#215;1 Rio Branco, em Rio Branco<br>09.06.2023<br>Galvez 7&#215;0 S\u00e3o Francisco, em Rio Branco<br>Independ\u00eancia 2&#215;2 Pl\u00e1cido de Castro, em Rio Branco<br>13.06.2023<br>Independ\u00eancia 6&#215;0 Atl\u00e9tico, em Rio Branco<br>Rio Branco 2&#215;2 Sena Madureira, em Rio Branco<br>16.06.2023<br>Vasco da Gama 2&#215;0 S\u00e3o Francisco, em Rio Branco<br>Galvez 1&#215;1 Andir\u00e1, em Rio Branco<br>20.06.2023<br>Pl\u00e1cido de Castro 4&#215;2 S\u00e3o Francisco, em Rio Branco<br>Andir\u00e1 1&#215;0 Atl\u00e9tico, em Rio Branco<br>23.06.2023<br>Sena Madureira 4&#215;3 Independ\u00eancia, em Rio Branco<br>Rio Branco 2&#215;0 Vasco da Gama, em Rio Branco<br>27.06.2023<br>Galvez 2&#215;1 Independ\u00eancia, em Rio Branco<br>Sena Madureira 6&#215;2 Pl\u00e1cido de Castro, em Rio Branco<br>30.06.2023<br>Andir\u00e1 2&#215;2 Vasco da Gama, em Rio Branco<br>Atl\u00e9tico 2&#215;1 S\u00e3o Francisco, em Rio Branco<br>04.07.2023<br>Rio Branco 3&#215;0 Independ\u00eancia, em Rio Branco<br>Galvez 2&#215;0 Vasco da Gama, em Rio Branco<br>07.07.2023<br>Andir\u00e1 2&#215;1 Pl\u00e1cido de Castro, em Rio Branco<br>Sena Madureira 2&#215;0 Atl\u00e9tico, em Rio Branco<br>11.07.2023<br>S\u00e3o Francisco 2&#215;1 Independ\u00eancia, em Rio Branco<br>Rio Branco 4&#215;0 Atl\u00e9tico, em Rio Branco<br>14.07.2023<br>Sena Madureira 3&#215;0 Galvez, em Rio Branco<br>15.07.2023<br>Vasco da Gama W0x0 Pl\u00e1cido de Castro, em Rio Branco<\/p>\n\n\n\n<pre class=\"wp-block-code\"><code>            J   V   E   D   GP  GC  PG<\/code><\/pre>\n\n\n\n<p>01\u00ba Rio Branco 08 05 03 00 19 08 18<br>02\u00ba Andir\u00e1 08 05 03 00 13 06 18<br>03\u00ba Sena Madureira 08 05 02 01 21 10 17<br>04\u00ba Galvez 08 05 02 01 26 06 17<br>05\u00ba Vasco da Gama 08 04 02 02 11 07 14<br>06\u00ba Pl\u00e1cido de Castro 08 01 02 05 11 31 05<br>07\u00ba Independ\u00eancia 08 01 01 06 14 16 04<br>08\u00ba Atl\u00e9tico 08 01 01 06 04 22 04<br>09\u00ba S\u00e3o Francisco 08 01 00 07 07 29 03<\/p>\n\n\n\n<p><strong>Semi Final<\/strong><\/p>\n\n\n\n<p>18.02.2023<br>Rio Branco 2&#215;1 Galvez, em Rio Branco<br>Sena Madureira 3&#215;2 Andir\u00e1, em Rio Branco<\/p>\n\n\n\n<p><strong>Final<\/strong><\/p>\n\n\n\n<p>21.07.2023<br>Sena Madureira 0x0 Rio Branco (5&#215;4 pen), em Rio Branco<\/p>\n\n\n<div class=\"wp-block-image\">\n<figure class=\"aligncenter size-full is-resized\"><img loading=\"lazy\" decoding=\"async\" src=\"https:\/\/arquivosfutebolbrasil.com.br\/blog\/wp-content\/uploads\/2023\/07\/image-131.png\" alt=\"\" class=\"wp-image-27177\" width=\"141\" height=\"141\" srcset=\"https:\/\/arquivosfutebolbrasil.com.br\/blog\/wp-content\/uploads\/2023\/07\/image-131.png 172w, https:\/\/arquivosfutebolbrasil.com.br\/blog\/wp-content\/uploads\/2023\/07\/image-131-150x150.png 150w\" sizes=\"(max-width: 141px) 100vw, 141px\" \/><\/figure><\/div>\n\n\n<p>Campe\u00e3o &#8211; Esporte Clube Sena Madureira (Sena Maduriera &#8211; AC)<\/p>\n\n\n\n<p>Fonte: Julio Bovi Diogo<\/p>\n","protected":false},"excerpt":{"rendered":"<p>Equipes Participantes: Andir\u00e1 Esporte Clube (Rio Branco &#8211; AC)Associa\u00e7\u00e3o Desportiva Vasco da Gama (Rio Branco &#8211; AC)Atl\u00e9tico Acreano (Rio Branco &#8211; AC)Esporte Clube Sena Madureira (Sena Maduriera &#8211; AC)Galvez Esporte Clube (Rio Branco &#8211; AC)Independ\u00eancia Futebol Clube (Rio Branco &#8211; AC)Pl\u00e1cido de Castro Futebol Clube (Pl\u00e1cido de Castro &#8211; AC)Rio Branco Futebol Clube (Rio Branco [&hellip;]<\/p>\n","protected":false},"author":2,"featured_media":0,"comment_status":"open","ping_status":"open","sticky":false,"template":"","format":"standard","meta":{"footnotes":""},"categories":[5,48,54,56,47],"tags":[],"class_list":["post-27175","post","type-post","status-publish","format-standard","hentry","category-acre","category-campeonatos-historicos","category-fotos-historicas","category-futebol-categorias-de-base","category-jogos-historicos"],"_links":{"self":[{"href":"https:\/\/arquivosfutebolbrasil.com.br\/blog\/wp-json\/wp\/v2\/posts\/27175"}],"collection":[{"href":"https:\/\/arquivosfutebolbrasil.com.br\/blog\/wp-json\/wp\/v2\/posts"}],"about":[{"href":"https:\/\/arquivosfutebolbrasil.com.br\/blog\/wp-json\/wp\/v2\/types\/post"}],"author":[{"embeddable":true,"href":"https:\/\/arquivosfutebolbrasil.com.br\/blog\/wp-json\/wp\/v2\/users\/2"}],"replies":[{"embeddable":true,"href":"https:\/\/arquivosfutebolbrasil.com.br\/blog\/wp-json\/wp\/v2\/comments?post=27175"}],"version-history":[{"count":3,"href":"https:\/\/arquivosfutebolbrasil.com.br\/blog\/wp-json\/wp\/v2\/posts\/27175\/revisions"}],"predecessor-version":[{"id":27312,"href":"https:\/\/arquivosfutebolbrasil.com.br\/blog\/wp-json\/wp\/v2\/posts\/27175\/revisions\/27312"}],"wp:attachment":[{"href":"https:\/\/arquivosfutebolbrasil.com.br\/blog\/wp-json\/wp\/v2\/media?parent=27175"}],"wp:term":[{"taxonomy":"category","embeddable":true,"href":"https:\/\/arquivosfutebolbrasil.com.br\/blog\/wp-json\/wp\/v2\/categories?post=27175"},{"taxonomy":"post_tag","embeddable":true,"href":"https:\/\/arquivosfutebolbrasil.com.br\/blog\/wp-json\/wp\/v2\/tags?post=27175"}],"curies":[{"name":"wp","href":"https:\/\/api.w.org\/{rel}","templated":true}]}}