{"id":27083,"date":"2023-07-14T17:48:00","date_gmt":"2023-07-14T20:48:00","guid":{"rendered":"https:\/\/arquivosfutebolbrasil.com.br\/blog\/?p=27083"},"modified":"2023-07-14T04:50:13","modified_gmt":"2023-07-14T07:50:13","slug":"campeonato-cearense-feminino-2018","status":"publish","type":"post","link":"https:\/\/arquivosfutebolbrasil.com.br\/blog\/2023\/07\/14\/campeonato-cearense-feminino-2018\/","title":{"rendered":"Campeonato Cearense &#8211; Feminino &#8211; 2018"},"content":{"rendered":"\n<p><strong>Equipes Particpantes:<\/strong><\/p>\n\n\n\n<p>Associa\u00e7\u00e3o Esportiva Tiradentes (Fortaleza &#8211; CE)<br>Associa\u00e7\u00e3o Menina Ol\u00edmpica (Fortaleza &#8211; CE)<br>Caucaia Esporte Clube (Caucaia &#8211; CE)<br>Cear\u00e1 Sporting Club (Fortaleza &#8211; CE)<\/p>\n\n\n\n<p><strong>1\u00ba Turno<\/strong><\/p>\n\n\n\n<p>30.09.2018<br>Cear\u00e1 0x0 Tiradentes, em Fortaleza<br>03.10.2018<br>Caucaia 1&#215;1 Menina Ol\u00edmpica, em Caucaia<br>06.10.2018<br>Cear\u00e1 8&#215;0 Caucaia, em Caucaia<br>Tiradentes 3&#215;0 Menina Ol\u00edmpica, em Fortaleza<br>13.10.2018<br>Cear\u00e1 4&#215;0 Menina Ol\u00edmpica, em Itaitinga<br>Tiradentes 7&#215;0 Caucaia, em Caucaia<\/p>\n\n\n\n<pre class=\"wp-block-code\"><code>            J   V   E   D   GP  GC  PG<\/code><\/pre>\n\n\n\n<p>01\u00ba Cear\u00e1 03 02 01 00 12 00 07<br>02\u00ba Tiradentes 03 02 01 00 10 00 07<br>03\u00ba Menina Ol\u00edmpica 03 00 01 02 01 08 01<br>04\u00ba Caucaia 03 00 01 02 01 16 01<\/p>\n\n\n\n<p><strong>Decis\u00e3o do 1\u00ba Turno<\/strong><\/p>\n\n\n\n<p>21.10.2018<br>Cear\u00e1 2&#215;1 Tiradentes, em Fortaleza<\/p>\n\n\n\n<p><strong>2\u00ba Turno<\/strong><\/p>\n\n\n\n<p>26.10.2018<br>Cear\u00e1 3&#215;1 Menina Ol\u00edmpica, em Fortaleza<br>30.10.2018<br>Tiradentes 17&#215;0 Caucaia, em Caucaia<br>03.11.2018<br>Tiradentes 5&#215;0 Menina Ol\u00edmpica, em Fortaleza<br>Cear\u00e1 13&#215;0 Caucaia, em Caucaia<br>08.11.2018<br>Menina Ol\u00edmpica 3&#215;0 Caucaia, em Caucaia<br>10.11.2018<br>Tiradentes 3&#215;0 Cear\u00e1, em Fortaleza<\/p>\n\n\n\n<pre class=\"wp-block-code\"><code>            J   V   E   D   GP  GC  PG<\/code><\/pre>\n\n\n\n<p>01\u00ba Tiradentes 03 03 00 00 25 00 09<br>02\u00ba Cear\u00e1 03 02 00 01 16 04 06<br>03\u00ba Menina Ol\u00edmpica 03 01 00 02 04 08 03<br>04\u00ba Caucaia 03 00 00 03 00 33 00<\/p>\n\n\n\n<p><strong>Decis\u00e3o do 2\u00ba Turno<\/strong><\/p>\n\n\n\n<p>17.11.2018<br>Cear\u00e1 2&#215;2 Tiradentes (5&#215;4 pen), em Fortaleza<\/p>\n\n\n<div class=\"wp-block-image\">\n<figure class=\"aligncenter size-full is-resized\"><img loading=\"lazy\" decoding=\"async\" src=\"https:\/\/arquivosfutebolbrasil.com.br\/blog\/wp-content\/uploads\/2023\/07\/image-99.png\" alt=\"\" class=\"wp-image-27084\" width=\"120\" height=\"131\"\/><\/figure><\/div>\n\n\n<p>Campe\u00e3o &#8211; Cear\u00e1 Sporting Club (Fortaleza &#8211; CE)<\/p>\n\n\n\n<p>Fonte: Julio Bovi Diogo<\/p>\n","protected":false},"excerpt":{"rendered":"<p>Equipes Particpantes: Associa\u00e7\u00e3o Esportiva Tiradentes (Fortaleza &#8211; CE)Associa\u00e7\u00e3o Menina Ol\u00edmpica (Fortaleza &#8211; CE)Caucaia Esporte Clube (Caucaia &#8211; CE)Cear\u00e1 Sporting Club (Fortaleza &#8211; CE) 1\u00ba Turno 30.09.2018Cear\u00e1 0x0 Tiradentes, em Fortaleza03.10.2018Caucaia 1&#215;1 Menina Ol\u00edmpica, em Caucaia06.10.2018Cear\u00e1 8&#215;0 Caucaia, em CaucaiaTiradentes 3&#215;0 Menina Ol\u00edmpica, em Fortaleza13.10.2018Cear\u00e1 4&#215;0 Menina Ol\u00edmpica, em ItaitingaTiradentes 7&#215;0 Caucaia, em Caucaia 01\u00ba Cear\u00e1 [&hellip;]<\/p>\n","protected":false},"author":2,"featured_media":0,"comment_status":"open","ping_status":"open","sticky":false,"template":"","format":"standard","meta":{"footnotes":""},"categories":[48,16,50,47],"tags":[],"class_list":["post-27083","post","type-post","status-publish","format-standard","hentry","category-campeonatos-historicos","category-ceara","category-futebol-feminino","category-jogos-historicos"],"_links":{"self":[{"href":"https:\/\/arquivosfutebolbrasil.com.br\/blog\/wp-json\/wp\/v2\/posts\/27083"}],"collection":[{"href":"https:\/\/arquivosfutebolbrasil.com.br\/blog\/wp-json\/wp\/v2\/posts"}],"about":[{"href":"https:\/\/arquivosfutebolbrasil.com.br\/blog\/wp-json\/wp\/v2\/types\/post"}],"author":[{"embeddable":true,"href":"https:\/\/arquivosfutebolbrasil.com.br\/blog\/wp-json\/wp\/v2\/users\/2"}],"replies":[{"embeddable":true,"href":"https:\/\/arquivosfutebolbrasil.com.br\/blog\/wp-json\/wp\/v2\/comments?post=27083"}],"version-history":[{"count":1,"href":"https:\/\/arquivosfutebolbrasil.com.br\/blog\/wp-json\/wp\/v2\/posts\/27083\/revisions"}],"predecessor-version":[{"id":27085,"href":"https:\/\/arquivosfutebolbrasil.com.br\/blog\/wp-json\/wp\/v2\/posts\/27083\/revisions\/27085"}],"wp:attachment":[{"href":"https:\/\/arquivosfutebolbrasil.com.br\/blog\/wp-json\/wp\/v2\/media?parent=27083"}],"wp:term":[{"taxonomy":"category","embeddable":true,"href":"https:\/\/arquivosfutebolbrasil.com.br\/blog\/wp-json\/wp\/v2\/categories?post=27083"},{"taxonomy":"post_tag","embeddable":true,"href":"https:\/\/arquivosfutebolbrasil.com.br\/blog\/wp-json\/wp\/v2\/tags?post=27083"}],"curies":[{"name":"wp","href":"https:\/\/api.w.org\/{rel}","templated":true}]}}