{"id":2707,"date":"2019-11-26T07:24:19","date_gmt":"2019-11-26T10:24:19","guid":{"rendered":"https:\/\/arquivosfutebolbrasil.com.br\/blog\/?p=2707"},"modified":"2019-11-26T07:24:19","modified_gmt":"2019-11-26T10:24:19","slug":"atletico-acreano-rio-branco-ac-campeao-acreano-de-1968","status":"publish","type":"post","link":"https:\/\/arquivosfutebolbrasil.com.br\/blog\/2019\/11\/26\/atletico-acreano-rio-branco-ac-campeao-acreano-de-1968\/","title":{"rendered":"Atl\u00e9tico Acreano (Rio Branco &#8211; AC) &#8211; Campe\u00e3o Acreano de 1968"},"content":{"rendered":"\n<div class=\"wp-block-image\"><figure class=\"aligncenter is-resized\"><img loading=\"lazy\" decoding=\"async\" src=\"https:\/\/arquivosfutebolbrasil.com.br\/blog\/wp-content\/uploads\/2019\/11\/2-502.jpg\" alt=\"\" class=\"wp-image-2708\" width=\"337\" height=\"207\" srcset=\"https:\/\/arquivosfutebolbrasil.com.br\/blog\/wp-content\/uploads\/2019\/11\/2-502.jpg 466w, https:\/\/arquivosfutebolbrasil.com.br\/blog\/wp-content\/uploads\/2019\/11\/2-502-300x184.jpg 300w\" sizes=\"(max-width: 337px) 100vw, 337px\" \/><\/figure><\/div>\n\n\n\n<p>15.06.1968<br>\nAtl\u00e9tico 0x0 Andir\u00e1, em Rio Branco<br>\n07.07.1968<br>\nAtl\u00e9tico 3&#215;2 Independ\u00eancia, em Rio Branco<br>\n21.07.1968<br>\nAtl\u00e9tico 0x0 Sampaio, em Rio Branco<br>\n03.08.1968<br>\nAtl\u00e9tico 4&#215;1 Rio Branco, em Rio Branco<br>\n25.08.1968<br>\nAtl\u00e9tico 2&#215;1 Vasco da Gama, em Rio Branco<br>\n15.09.1968<br>\nAtl\u00e9tico 1&#215;0 Juventus, em Rio Branco<br>\n12.10.1968<br>\nAtl\u00e9tico 1&#215;2 Rio Branco, em Rio Branco<br>\n19.10.1968<br>\nAtl\u00e9tico 4&#215;2 Juventus, em Rio Branco<br>\n01.11.1968<br>\nAtl\u00e9tico 0x0 Andir\u00e1, em Rio Branco<br>\n15.11.1968<br>\nAtl\u00e9tico 0x1 Sampaio, em Rio Branco<br>\n07.12.1968<br>\nAtl\u00e9tico 1&#215;3 Vasco da Gama, em Rio Branco<br>\n21.12.1968<br>\nAtl\u00e9tico 1&#215;1 Independ\u00eancia, em Rio Branco<\/p>\n\n\n\n<p>Fonte: &#8220;Futebol Acreano em Revista&#8221;<\/p>\n\r\n","protected":false},"excerpt":{"rendered":"<p>15.06.1968 Atl\u00e9tico 0x0 Andir\u00e1, em Rio Branco 07.07.1968 Atl\u00e9tico 3&#215;2 Independ\u00eancia, em Rio Branco 21.07.1968 Atl\u00e9tico 0x0 Sampaio, em Rio Branco 03.08.1968 Atl\u00e9tico 4&#215;1 Rio Branco, em Rio Branco 25.08.1968 Atl\u00e9tico 2&#215;1 Vasco da Gama, em Rio Branco 15.09.1968 Atl\u00e9tico 1&#215;0 Juventus, em Rio Branco 12.10.1968 Atl\u00e9tico 1&#215;2 Rio Branco, em Rio Branco 19.10.1968 Atl\u00e9tico [&hellip;]<\/p>\n","protected":false},"author":2,"featured_media":0,"comment_status":"open","ping_status":"open","sticky":false,"template":"","format":"standard","meta":{"footnotes":""},"categories":[5,45,48],"tags":[],"class_list":["post-2707","post","type-post","status-publish","format-standard","hentry","category-acre","category-campanhas-dos-campeoes","category-campeonatos-historicos"],"_links":{"self":[{"href":"https:\/\/arquivosfutebolbrasil.com.br\/blog\/wp-json\/wp\/v2\/posts\/2707"}],"collection":[{"href":"https:\/\/arquivosfutebolbrasil.com.br\/blog\/wp-json\/wp\/v2\/posts"}],"about":[{"href":"https:\/\/arquivosfutebolbrasil.com.br\/blog\/wp-json\/wp\/v2\/types\/post"}],"author":[{"embeddable":true,"href":"https:\/\/arquivosfutebolbrasil.com.br\/blog\/wp-json\/wp\/v2\/users\/2"}],"replies":[{"embeddable":true,"href":"https:\/\/arquivosfutebolbrasil.com.br\/blog\/wp-json\/wp\/v2\/comments?post=2707"}],"version-history":[{"count":1,"href":"https:\/\/arquivosfutebolbrasil.com.br\/blog\/wp-json\/wp\/v2\/posts\/2707\/revisions"}],"predecessor-version":[{"id":2709,"href":"https:\/\/arquivosfutebolbrasil.com.br\/blog\/wp-json\/wp\/v2\/posts\/2707\/revisions\/2709"}],"wp:attachment":[{"href":"https:\/\/arquivosfutebolbrasil.com.br\/blog\/wp-json\/wp\/v2\/media?parent=2707"}],"wp:term":[{"taxonomy":"category","embeddable":true,"href":"https:\/\/arquivosfutebolbrasil.com.br\/blog\/wp-json\/wp\/v2\/categories?post=2707"},{"taxonomy":"post_tag","embeddable":true,"href":"https:\/\/arquivosfutebolbrasil.com.br\/blog\/wp-json\/wp\/v2\/tags?post=2707"}],"curies":[{"name":"wp","href":"https:\/\/api.w.org\/{rel}","templated":true}]}}