{"id":26794,"date":"2023-07-03T16:50:00","date_gmt":"2023-07-03T19:50:00","guid":{"rendered":"https:\/\/arquivosfutebolbrasil.com.br\/blog\/?p=26794"},"modified":"2023-07-03T16:50:00","modified_gmt":"2023-07-03T19:50:00","slug":"livro-c-a-pradense-a-memoria-dos-que-construiram-a-historia","status":"publish","type":"post","link":"https:\/\/arquivosfutebolbrasil.com.br\/blog\/2023\/07\/03\/livro-c-a-pradense-a-memoria-dos-que-construiram-a-historia\/","title":{"rendered":"Livro: &#8220;C.A. Pradense &#8211; a mem\u00f3ria dos que constru\u00edram a hist\u00f3ria&#8221;"},"content":{"rendered":"<div class=\"wp-block-image\">\n<figure class=\"aligncenter size-full\"><img loading=\"lazy\" decoding=\"async\" width=\"388\" height=\"510\" src=\"https:\/\/arquivosfutebolbrasil.com.br\/blog\/wp-content\/uploads\/2023\/07\/image-9.png\" alt=\"\" class=\"wp-image-26796\" srcset=\"https:\/\/arquivosfutebolbrasil.com.br\/blog\/wp-content\/uploads\/2023\/07\/image-9.png 388w, https:\/\/arquivosfutebolbrasil.com.br\/blog\/wp-content\/uploads\/2023\/07\/image-9-228x300.png 228w\" sizes=\"(max-width: 388px) 100vw, 388px\" \/><\/figure><\/div>\n\n\n<p>Os interessados devem entrar em contato com o autor atrav\u00e9s do whatssapp: 54-996610494<\/p>\n\r\n","protected":false},"excerpt":{"rendered":"<p>Os interessados devem entrar em contato com o autor atrav\u00e9s do whatssapp: 54-996610494<\/p>\n","protected":false},"author":2,"featured_media":0,"comment_status":"open","ping_status":"open","sticky":false,"template":"","format":"standard","meta":{"footnotes":""},"categories":[41,52,32],"tags":[],"class_list":["post-26794","post","type-post","status-publish","format-standard","hentry","category-curiosidades","category-livros-videos-biblioteca-virtual","category-rio-grande-do-sul"],"_links":{"self":[{"href":"https:\/\/arquivosfutebolbrasil.com.br\/blog\/wp-json\/wp\/v2\/posts\/26794"}],"collection":[{"href":"https:\/\/arquivosfutebolbrasil.com.br\/blog\/wp-json\/wp\/v2\/posts"}],"about":[{"href":"https:\/\/arquivosfutebolbrasil.com.br\/blog\/wp-json\/wp\/v2\/types\/post"}],"author":[{"embeddable":true,"href":"https:\/\/arquivosfutebolbrasil.com.br\/blog\/wp-json\/wp\/v2\/users\/2"}],"replies":[{"embeddable":true,"href":"https:\/\/arquivosfutebolbrasil.com.br\/blog\/wp-json\/wp\/v2\/comments?post=26794"}],"version-history":[{"count":1,"href":"https:\/\/arquivosfutebolbrasil.com.br\/blog\/wp-json\/wp\/v2\/posts\/26794\/revisions"}],"predecessor-version":[{"id":26797,"href":"https:\/\/arquivosfutebolbrasil.com.br\/blog\/wp-json\/wp\/v2\/posts\/26794\/revisions\/26797"}],"wp:attachment":[{"href":"https:\/\/arquivosfutebolbrasil.com.br\/blog\/wp-json\/wp\/v2\/media?parent=26794"}],"wp:term":[{"taxonomy":"category","embeddable":true,"href":"https:\/\/arquivosfutebolbrasil.com.br\/blog\/wp-json\/wp\/v2\/categories?post=26794"},{"taxonomy":"post_tag","embeddable":true,"href":"https:\/\/arquivosfutebolbrasil.com.br\/blog\/wp-json\/wp\/v2\/tags?post=26794"}],"curies":[{"name":"wp","href":"https:\/\/api.w.org\/{rel}","templated":true}]}}