{"id":26669,"date":"2023-07-30T13:31:01","date_gmt":"2023-07-30T16:31:01","guid":{"rendered":"https:\/\/arquivosfutebolbrasil.com.br\/blog\/?p=26669"},"modified":"2023-06-25T13:31:53","modified_gmt":"2023-06-25T16:31:53","slug":"estadios-do-brasil-estadio-oswaldo-teixeira-duarte-sao-paulo-sp","status":"publish","type":"post","link":"https:\/\/arquivosfutebolbrasil.com.br\/blog\/2023\/07\/30\/estadios-do-brasil-estadio-oswaldo-teixeira-duarte-sao-paulo-sp\/","title":{"rendered":"Est\u00e1dios do Brasil: Est\u00e1dio Oswaldo Teixeira Duarte (S\u00e3o Paulo &#8211; SP)"},"content":{"rendered":"<div class=\"wp-block-image\">\n<figure class=\"aligncenter size-full is-resized\"><img loading=\"lazy\" decoding=\"async\" src=\"https:\/\/arquivosfutebolbrasil.com.br\/blog\/wp-content\/uploads\/2023\/06\/image-109.png\" alt=\"\" class=\"wp-image-26670\" width=\"487\" height=\"422\" srcset=\"https:\/\/arquivosfutebolbrasil.com.br\/blog\/wp-content\/uploads\/2023\/06\/image-109.png 511w, https:\/\/arquivosfutebolbrasil.com.br\/blog\/wp-content\/uploads\/2023\/06\/image-109-300x260.png 300w\" sizes=\"(max-width: 487px) 100vw, 487px\" \/><\/figure><\/div>\r\n","protected":false},"excerpt":{"rendered":"","protected":false},"author":2,"featured_media":0,"comment_status":"open","ping_status":"open","sticky":false,"template":"","format":"standard","meta":{"footnotes":""},"categories":[40,54,35],"tags":[],"class_list":["post-26669","post","type-post","status-publish","format-standard","hentry","category-estadios","category-fotos-historicas","category-sao-paulo"],"_links":{"self":[{"href":"https:\/\/arquivosfutebolbrasil.com.br\/blog\/wp-json\/wp\/v2\/posts\/26669"}],"collection":[{"href":"https:\/\/arquivosfutebolbrasil.com.br\/blog\/wp-json\/wp\/v2\/posts"}],"about":[{"href":"https:\/\/arquivosfutebolbrasil.com.br\/blog\/wp-json\/wp\/v2\/types\/post"}],"author":[{"embeddable":true,"href":"https:\/\/arquivosfutebolbrasil.com.br\/blog\/wp-json\/wp\/v2\/users\/2"}],"replies":[{"embeddable":true,"href":"https:\/\/arquivosfutebolbrasil.com.br\/blog\/wp-json\/wp\/v2\/comments?post=26669"}],"version-history":[{"count":1,"href":"https:\/\/arquivosfutebolbrasil.com.br\/blog\/wp-json\/wp\/v2\/posts\/26669\/revisions"}],"predecessor-version":[{"id":26671,"href":"https:\/\/arquivosfutebolbrasil.com.br\/blog\/wp-json\/wp\/v2\/posts\/26669\/revisions\/26671"}],"wp:attachment":[{"href":"https:\/\/arquivosfutebolbrasil.com.br\/blog\/wp-json\/wp\/v2\/media?parent=26669"}],"wp:term":[{"taxonomy":"category","embeddable":true,"href":"https:\/\/arquivosfutebolbrasil.com.br\/blog\/wp-json\/wp\/v2\/categories?post=26669"},{"taxonomy":"post_tag","embeddable":true,"href":"https:\/\/arquivosfutebolbrasil.com.br\/blog\/wp-json\/wp\/v2\/tags?post=26669"}],"curies":[{"name":"wp","href":"https:\/\/api.w.org\/{rel}","templated":true}]}}