{"id":26585,"date":"2023-07-15T05:00:34","date_gmt":"2023-07-15T08:00:34","guid":{"rendered":"https:\/\/arquivosfutebolbrasil.com.br\/blog\/?p=26585"},"modified":"2023-06-20T05:01:07","modified_gmt":"2023-06-20T08:01:07","slug":"jogo-historico-selecao-carioca-x-montevideo-wanderers-uruguai","status":"publish","type":"post","link":"https:\/\/arquivosfutebolbrasil.com.br\/blog\/2023\/07\/15\/jogo-historico-selecao-carioca-x-montevideo-wanderers-uruguai\/","title":{"rendered":"Jogo Hist\u00f3rico &#8211; Sele\u00e7\u00e3o Carioca x Montevideo Wanderers (Uruguai)"},"content":{"rendered":"\n<figure class=\"wp-block-image size-full\"><img loading=\"lazy\" decoding=\"async\" width=\"608\" height=\"347\" src=\"https:\/\/arquivosfutebolbrasil.com.br\/blog\/wp-content\/uploads\/2023\/06\/image-82.png\" alt=\"\" class=\"wp-image-26586\" srcset=\"https:\/\/arquivosfutebolbrasil.com.br\/blog\/wp-content\/uploads\/2023\/06\/image-82.png 608w, https:\/\/arquivosfutebolbrasil.com.br\/blog\/wp-content\/uploads\/2023\/06\/image-82-300x171.png 300w\" sizes=\"(max-width: 608px) 100vw, 608px\" \/><\/figure>\n\r\n","protected":false},"excerpt":{"rendered":"","protected":false},"author":2,"featured_media":0,"comment_status":"open","ping_status":"open","sticky":false,"template":"","format":"standard","meta":{"footnotes":""},"categories":[42,47,29],"tags":[],"class_list":["post-26585","post","type-post","status-publish","format-standard","hentry","category-jogos-amistosos-internacionais","category-jogos-historicos","category-rio-de-janeiro"],"_links":{"self":[{"href":"https:\/\/arquivosfutebolbrasil.com.br\/blog\/wp-json\/wp\/v2\/posts\/26585"}],"collection":[{"href":"https:\/\/arquivosfutebolbrasil.com.br\/blog\/wp-json\/wp\/v2\/posts"}],"about":[{"href":"https:\/\/arquivosfutebolbrasil.com.br\/blog\/wp-json\/wp\/v2\/types\/post"}],"author":[{"embeddable":true,"href":"https:\/\/arquivosfutebolbrasil.com.br\/blog\/wp-json\/wp\/v2\/users\/2"}],"replies":[{"embeddable":true,"href":"https:\/\/arquivosfutebolbrasil.com.br\/blog\/wp-json\/wp\/v2\/comments?post=26585"}],"version-history":[{"count":1,"href":"https:\/\/arquivosfutebolbrasil.com.br\/blog\/wp-json\/wp\/v2\/posts\/26585\/revisions"}],"predecessor-version":[{"id":26587,"href":"https:\/\/arquivosfutebolbrasil.com.br\/blog\/wp-json\/wp\/v2\/posts\/26585\/revisions\/26587"}],"wp:attachment":[{"href":"https:\/\/arquivosfutebolbrasil.com.br\/blog\/wp-json\/wp\/v2\/media?parent=26585"}],"wp:term":[{"taxonomy":"category","embeddable":true,"href":"https:\/\/arquivosfutebolbrasil.com.br\/blog\/wp-json\/wp\/v2\/categories?post=26585"},{"taxonomy":"post_tag","embeddable":true,"href":"https:\/\/arquivosfutebolbrasil.com.br\/blog\/wp-json\/wp\/v2\/tags?post=26585"}],"curies":[{"name":"wp","href":"https:\/\/api.w.org\/{rel}","templated":true}]}}