{"id":26506,"date":"2023-06-17T21:55:50","date_gmt":"2023-06-18T00:55:50","guid":{"rendered":"https:\/\/arquivosfutebolbrasil.com.br\/blog\/?p=26506"},"modified":"2023-06-17T21:55:50","modified_gmt":"2023-06-18T00:55:50","slug":"campeonato-paulista-de-futebol-amador-2015","status":"publish","type":"post","link":"https:\/\/arquivosfutebolbrasil.com.br\/blog\/2023\/06\/17\/campeonato-paulista-de-futebol-amador-2015\/","title":{"rendered":"Campeonato Paulista de Futebol Amador &#8211; 2015"},"content":{"rendered":"\n<p><strong>Equipes Participantes:<\/strong><\/p>\n\n\n\n<p>Associa\u00e7\u00e3o Atl\u00e9tica 33 do Bela Vista (Guarulhos)<br>Associa\u00e7\u00e3o Esportiva e Cultural Favela (Carapicu\u00edba)<br>Botafogo Jardim S\u00e3o Jos\u00e9 (Suzano)<br>Clube Atl\u00e9tico Cravinhos (Cravinhos)<br>Clube Atl\u00e9tico Juventus (Tup\u00e3)<br>Clube de Regatas Vasco da Gama (Guarulhos)<br>Esporte Clube Intervale (S\u00e3o Jos\u00e9 dos Campos)<br>Esporte Clube Nacional de Vila Vivaldi (S\u00e3o Bernardo do Campo)<br>Esporte Clube Vista Verde (S\u00e3o Jos\u00e9 dos Campos)<br>Esporte Clube Vit\u00f3ria (Itu)<br>Ferrovi\u00e1rios Atl\u00e9tico Clube (Bragan\u00e7a Paulista)<br>Gr\u00eamio Esportivo Vila Suissa (Ribeir\u00e3o Pires)<br>Recreativo Esporte Clube do Jardim Para\u00edso (Jales)<br>Sociedade Atl\u00e9tica Boa Vista (Diadema)<br>Sport Clube S\u00e3o Paulo (Itu)<br>Uni\u00e3o Santa Filomena Futebol Clube (Bragan\u00e7a Paulista)<\/p>\n\n\n\n<p><strong>1\u00aa Fase<\/strong><\/p>\n\n\n\n<p><strong>Grupo 1<\/strong><\/p>\n\n\n\n<p>20.09.2015<br>Recreativo W0x0 Juventus, em Tup\u00e3<br>27.09.2015<br>Recreativo W0x0 Juventus, em Jales<\/p>\n\n\n\n<p><strong>Grupo 2<\/strong><\/p>\n\n\n\n<p>20.09.2015<br>Santa Filomena 1&#215;1 Cravinhos, em Bragan\u00e7a Paulista<br>27.09.2015<br>Cravinhos 3&#215;0 Santa Filomena, em Cravinhos<\/p>\n\n\n\n<p><strong>Grupo 3<\/strong><\/p>\n\n\n\n<p>20.09.2015<br>Botafogo 0x0 Vista Verde, em Suzano<br>26.09.2015<br>Vista Verde 0x0 Botafogo (2&#215;3 pen), em S\u00e3o Jos\u00e9 dos Campos<\/p>\n\n\n\n<p><strong>Grupo 4<\/strong><\/p>\n\n\n\n<p>20.09.2015<br>Vasco 5&#215;0 S\u00e3o Paulo, em Guarulhos<br>26.09.2015<br>Vasco 2&#215;1 S\u00e3o Paulo, em Itu<\/p>\n\n\n\n<p><strong>Grupo 5<\/strong><\/p>\n\n\n\n<p>19.09.2015<br>Intervale 1&#215;1 Ferrovi\u00e1rios, em S\u00e3o Jos\u00e9 dos Campos<br>26.09.2015<br>Ferrovi\u00e1rios 3&#215;1 Intervaqle, em Bragan\u00e7a Paulista<\/p>\n\n\n\n<p><strong>Grupo 6<\/strong><\/p>\n\n\n\n<p>20.09.2015<br>Vit\u00f3ria 2&#215;2 33 do Bela Vista, em Itu<br>27.09.2015<br>33 da Bela Vistqa 2&#215;2 Vit\u00f3ria (8&#215;7 pen), em Guarulhos<\/p>\n\n\n\n<p><strong>Grupo 7<\/strong><\/p>\n\n\n\n<p>20.09.2015<br>Boa Vista 1&#215;0 Favela, em S\u00e3o Paulo<br>27.09.2015<br>Boa Vista 3&#215;0 Favela, em Diadema<\/p>\n\n\n\n<p><strong>Grupo 8<\/strong><\/p>\n\n\n\n<p>20.09.2015<br>Vila Suissa 0x0 Nacional, em Ribeir\u00e3o Pires<br>27.09.2015<br>Nacional 3&#215;0 Vila Suissa, em S\u00e3o Bernardo do Campo<\/p>\n\n\n\n<p><strong>2\u00aa Fase<\/strong><\/p>\n\n\n\n<p><strong>Grupo 9<\/strong><\/p>\n\n\n\n<p>03.10.2015<br>Cravinhos 3&#215;1 Recreativo, em Cravinhos<br>10.10.2015<br>Cravinhos 1&#215;0 Recreativo, em Jales<\/p>\n\n\n\n<p><strong>Grupo 10<\/strong><\/p>\n\n\n\n<p>04.10.2015<br>Botafogo 1&#215;1 Vasco, em Suzano<br>10.10.2015<br>Vasco 3&#215;0 Botafogo, em Guarulhos<\/p>\n\n\n\n<p><strong>Grupo 11<\/strong><\/p>\n\n\n\n<p>03.10.2015<br>33 da Bela Vista 1&#215;1 Ferrovi\u00e1rios, em Guarulhos<br>11.10.2015<br>Ferrovi\u00e1rios 1&#215;1 33 da Bela Vista (1&#215;3 pen), em Bragan\u00e7a Paulista<\/p>\n\n\n\n<p><strong>Grupo 12<\/strong><\/p>\n\n\n\n<p>04.10.2015<br>Nacional 0x0 Boa Vista, em S\u00e3o Bernardo do Campo<br>10.10.2015<br>Boa Vista 1&#215;1 Nacional (2&#215;4 pen), em Diadema<\/p>\n\n\n\n<p><strong>3\u00aa Fase<\/strong><\/p>\n\n\n\n<p><strong>Grupo 13<\/strong><\/p>\n\n\n\n<p>17.10.2015<br>Cravinhos 1&#215;0 Vasco, em Cravinhos<br>24.10.2015<br>Vasco 8&#215;1 Cravinhos, em Guarulhos<\/p>\n\n\n\n<p><strong>Grupo 14<\/strong><\/p>\n\n\n\n<p>18.10.2015<br>Nacional 1&#215;1 33 da Bela Vista, em S\u00e3o Bernardo do Campo<br>25.10.2015<br>33 da Bela Vista 3&#215;3 Nacional (7&#215;8 pen), em Guarulhos<\/p>\n\n\n\n<p><strong>Final<\/strong><\/p>\n\n\n\n<p>01.11.2015<br>Vasco 1&#215;0 Nacional, em S\u00e3o Bernardo do Campo<br>07.11.2015<br>Vasco 2&#215;2 Nacional, em Guarulhos<\/p>\n\n\n\n<p>Campe\u00e3o &#8211; Clube de Regatas Vasco da Gama (Jardim Para\u00edso &#8211; Guarulhos)<\/p>\n\n\n\n<p>Fonte: Julio Bovi Diogo<\/p>\n\r\n","protected":false},"excerpt":{"rendered":"<p>Equipes Participantes: Associa\u00e7\u00e3o Atl\u00e9tica 33 do Bela Vista (Guarulhos)Associa\u00e7\u00e3o Esportiva e Cultural Favela (Carapicu\u00edba)Botafogo Jardim S\u00e3o Jos\u00e9 (Suzano)Clube Atl\u00e9tico Cravinhos (Cravinhos)Clube Atl\u00e9tico Juventus (Tup\u00e3)Clube de Regatas Vasco da Gama (Guarulhos)Esporte Clube Intervale (S\u00e3o Jos\u00e9 dos Campos)Esporte Clube Nacional de Vila Vivaldi (S\u00e3o Bernardo do Campo)Esporte Clube Vista Verde (S\u00e3o Jos\u00e9 dos Campos)Esporte Clube Vit\u00f3ria (Itu)Ferrovi\u00e1rios [&hellip;]<\/p>\n","protected":false},"author":2,"featured_media":0,"comment_status":"open","ping_status":"open","sticky":false,"template":"","format":"standard","meta":{"footnotes":""},"categories":[48,49,47,35],"tags":[],"class_list":["post-26506","post","type-post","status-publish","format-standard","hentry","category-campeonatos-historicos","category-futebol-amador-varzeano","category-jogos-historicos","category-sao-paulo"],"_links":{"self":[{"href":"https:\/\/arquivosfutebolbrasil.com.br\/blog\/wp-json\/wp\/v2\/posts\/26506"}],"collection":[{"href":"https:\/\/arquivosfutebolbrasil.com.br\/blog\/wp-json\/wp\/v2\/posts"}],"about":[{"href":"https:\/\/arquivosfutebolbrasil.com.br\/blog\/wp-json\/wp\/v2\/types\/post"}],"author":[{"embeddable":true,"href":"https:\/\/arquivosfutebolbrasil.com.br\/blog\/wp-json\/wp\/v2\/users\/2"}],"replies":[{"embeddable":true,"href":"https:\/\/arquivosfutebolbrasil.com.br\/blog\/wp-json\/wp\/v2\/comments?post=26506"}],"version-history":[{"count":1,"href":"https:\/\/arquivosfutebolbrasil.com.br\/blog\/wp-json\/wp\/v2\/posts\/26506\/revisions"}],"predecessor-version":[{"id":26507,"href":"https:\/\/arquivosfutebolbrasil.com.br\/blog\/wp-json\/wp\/v2\/posts\/26506\/revisions\/26507"}],"wp:attachment":[{"href":"https:\/\/arquivosfutebolbrasil.com.br\/blog\/wp-json\/wp\/v2\/media?parent=26506"}],"wp:term":[{"taxonomy":"category","embeddable":true,"href":"https:\/\/arquivosfutebolbrasil.com.br\/blog\/wp-json\/wp\/v2\/categories?post=26506"},{"taxonomy":"post_tag","embeddable":true,"href":"https:\/\/arquivosfutebolbrasil.com.br\/blog\/wp-json\/wp\/v2\/tags?post=26506"}],"curies":[{"name":"wp","href":"https:\/\/api.w.org\/{rel}","templated":true}]}}