{"id":26308,"date":"2023-06-17T16:43:52","date_gmt":"2023-06-17T19:43:52","guid":{"rendered":"https:\/\/arquivosfutebolbrasil.com.br\/blog\/?p=26308"},"modified":"2023-05-31T16:45:08","modified_gmt":"2023-05-31T19:45:08","slug":"copa-do-mundo-sub-17-1995","status":"publish","type":"post","link":"https:\/\/arquivosfutebolbrasil.com.br\/blog\/2023\/06\/17\/copa-do-mundo-sub-17-1995\/","title":{"rendered":"Copa do Mundo &#8211; Sub-17 &#8211; 1995"},"content":{"rendered":"\n<p><strong>1\u00aa Fase<\/strong><\/p>\n\n\n\n<p><strong>Grupo A<\/strong><\/p>\n\n\n\n<p>03.08.1995<br>Ghana 1&#215;0 Jap\u00e3o, em Quito &#8211; Equador<br>Equador 2&#215;0 Estados Unidos, em Quito &#8211; Equador<br>05.08.1995<br>Jap\u00e3o 2&#215;1 Estados Unidos, em Quito &#8211; Equador<br>Ghana 2&#215;1 Equador, em Quito &#8211; Equador<br>08.08.1995<br>Equador 0x0 Jap\u00e3o, em Quito &#8211; Equador<br>Ghana 2&#215;0 Estados Unidos, em Quito &#8211; Equador<\/p>\n\n\n\n<pre class=\"wp-block-code\"><code>            J   V   E   D   GP  GC  PG<\/code><\/pre>\n\n\n\n<p>01\u00ba Ghana 03 03 00 00 05 01 09<br>02\u00ba Equador 03 01 01 01 03 02 04<br>03\u00ba Jap\u00e3o 03 01 01 01 02 02 04<br>04\u00ba Estados Unidos 03 00 00 03 01 06 00<\/p>\n\n\n\n<p><strong>Grupo B<\/strong><\/p>\n\n\n\n<p>04.08.1995<br>Costa Rica 2&#215;0 Guin\u00e9, em Cuenca &#8211; Equador<br>Argentina 3&#215;0 Portugal, em Cuenca &#8211; Equador<br>06.08.1995<br>Guin\u00e9 3&#215;2 Portugal, em Cuenca &#8211; Equador<br>Argentina 2&#215;0 Costa Rica, em Cuenca &#8211; Equador<br>09.08.1995<br>Argentina 2&#215;0 Guin\u00e9, em Cuenca &#8211; Equador<br>Portugal 3&#215;0 Costa Rica, em Cuenca &#8211; Equador<\/p>\n\n\n\n<pre class=\"wp-block-code\"><code>            J   V   E   D   GP  GC  PG<\/code><\/pre>\n\n\n\n<p>01\u00ba Argentina 03 03 00 00 07 00 09<br>02\u00ba Portugal 03 01 00 02 05 06 03<br>03\u00ba Costa Rica 03 01 00 02 02 05 03<br>04\u00ba Guin\u00e9 03 01 00 02 03 06 03<\/p>\n\n\n\n<p><strong>Grupo C<\/strong><\/p>\n\n\n\n<p>04.08.1995<br>Austr\u00e1lia 2&#215;2 Espanha, em Riobamba &#8211; Equador<br>Nig\u00e9ria 1&#215;1 Qatar, em Riobamba &#8211; Equador<br>06.08.1995<br>Espanha 1&#215;0 Qatar<br>Nig\u00e9ria 2&#215;0 Austr\u00e1lia, em Riobamba &#8211; Equador<br>09.08.1995<br>Nig\u00e9ria 2&#215;1 Espanha, em Riobamba &#8211; Equador<br>Austr\u00e1lia 3&#215;0 Qatar, em Riobamba &#8211; Equador<\/p>\n\n\n\n<pre class=\"wp-block-code\"><code>            J   V   E   D   GP  GC  PG<\/code><\/pre>\n\n\n\n<p>01\u00ba Nig\u00e9ria 03 02 01 00 05 02 07<br>02\u00ba Austr\u00e1lia 03 01 01 01 05 04 04<br>03\u00ba Espanha 03 01 01 01 04 04 04<br>04\u00ba Qatar 03 00 01 02 01 05 01<\/p>\n\n\n\n<p><strong>Grupo D<\/strong><\/p>\n\n\n\n<p>04.08.1995<br>Oman 2&#215;1 Canad\u00e1, em Ibarra &#8211; Equador<br>Brasil 3&#215;0 Alemanha, em Ibarra &#8211; Equador<br>06.08.1995<br>Alemanha 3&#215;0 Canad\u00e1, em Ibarra &#8211; Equador<br>Brasil 0x0 Oman, em Ibarra &#8211; Equador<br>09.08.1995<br>Brasil 2&#215;0 Canad\u00e1, em Ibarra &#8211; Equador<br>Oman 3&#215;0 Alemanha, em Ibarra &#8211; Equador<\/p>\n\n\n\n<pre class=\"wp-block-code\"><code>            J   V   E   D   GP  GC  PG<\/code><\/pre>\n\n\n\n<p>01\u00ba Brasil 03 02 01 00 05 00 07<br>02\u00ba Oman 03 02 01 00 05 01 07<br>03\u00ba Alemanha 03 01 00 02 03 06 03<br>04\u00ba Canad\u00e1 03 00 00 03 01 07 00<\/p>\n\n\n\n<p><strong>Quartas de Final<\/strong><\/p>\n\n\n\n<p>12.08.1995<br>Ghana 2&#215;0 Portugal, em Quito &#8211; Equador<br>Argentina 3&#215;1 Equador, em Quito &#8211; Equador<br>13.08.1995<br>Oman 2&#215;1 Nig\u00e9ria, em Portoviejo &#8211; Equador<br>Brasil 3&#215;1 Austr\u00e1lia, em Portoviejo &#8211; Equador<\/p>\n\n\n\n<p><strong>Semi Final<\/strong><\/p>\n\n\n\n<p>17.08.1995<br>Ghana 3&#215;1 Oman, em Portoviejo &#8211; Equador<br>Brasil 3&#215;0 Argentina, em Guaiaquil &#8211; Equador<\/p>\n\n\n\n<p><strong>Decis\u00e3o do 3\u00ba Lugar<\/strong><\/p>\n\n\n\n<p>20.08.1995<br>Argentina 2&#215;0 Oman, em Guaiaquil &#8211; Equador<\/p>\n\n\n\n<p><strong>Final<\/strong><\/p>\n\n\n\n<p>20.08.1995<br>Ghana 3&#215;2 Brasil, em Guaiaquil &#8211; Equador<\/p>\n\n\n<div class=\"wp-block-image\">\n<figure class=\"aligncenter size-full is-resized\"><img loading=\"lazy\" decoding=\"async\" src=\"https:\/\/arquivosfutebolbrasil.com.br\/blog\/wp-content\/uploads\/2023\/05\/image-129.png\" alt=\"\" class=\"wp-image-26309\" width=\"109\" height=\"128\"\/><\/figure><\/div>\n\n\n<p>Campe\u00e3 &#8211; Sele\u00e7\u00e3o de Ghana<\/p>\n\n\n\n<p>Fonte: Julio Bovi Diogo<\/p>\n\r\n","protected":false},"excerpt":{"rendered":"<p>1\u00aa Fase Grupo A 03.08.1995Ghana 1&#215;0 Jap\u00e3o, em Quito &#8211; EquadorEquador 2&#215;0 Estados Unidos, em Quito &#8211; Equador05.08.1995Jap\u00e3o 2&#215;1 Estados Unidos, em Quito &#8211; EquadorGhana 2&#215;1 Equador, em Quito &#8211; Equador08.08.1995Equador 0x0 Jap\u00e3o, em Quito &#8211; EquadorGhana 2&#215;0 Estados Unidos, em Quito &#8211; Equador 01\u00ba Ghana 03 03 00 00 05 01 0902\u00ba Equador 03 [&hellip;]<\/p>\n","protected":false},"author":2,"featured_media":0,"comment_status":"open","ping_status":"open","sticky":false,"template":"","format":"standard","meta":{"footnotes":""},"categories":[1,48,56,47],"tags":[],"class_list":["post-26308","post","type-post","status-publish","format-standard","hentry","category-brasil","category-campeonatos-historicos","category-futebol-categorias-de-base","category-jogos-historicos"],"_links":{"self":[{"href":"https:\/\/arquivosfutebolbrasil.com.br\/blog\/wp-json\/wp\/v2\/posts\/26308"}],"collection":[{"href":"https:\/\/arquivosfutebolbrasil.com.br\/blog\/wp-json\/wp\/v2\/posts"}],"about":[{"href":"https:\/\/arquivosfutebolbrasil.com.br\/blog\/wp-json\/wp\/v2\/types\/post"}],"author":[{"embeddable":true,"href":"https:\/\/arquivosfutebolbrasil.com.br\/blog\/wp-json\/wp\/v2\/users\/2"}],"replies":[{"embeddable":true,"href":"https:\/\/arquivosfutebolbrasil.com.br\/blog\/wp-json\/wp\/v2\/comments?post=26308"}],"version-history":[{"count":1,"href":"https:\/\/arquivosfutebolbrasil.com.br\/blog\/wp-json\/wp\/v2\/posts\/26308\/revisions"}],"predecessor-version":[{"id":26310,"href":"https:\/\/arquivosfutebolbrasil.com.br\/blog\/wp-json\/wp\/v2\/posts\/26308\/revisions\/26310"}],"wp:attachment":[{"href":"https:\/\/arquivosfutebolbrasil.com.br\/blog\/wp-json\/wp\/v2\/media?parent=26308"}],"wp:term":[{"taxonomy":"category","embeddable":true,"href":"https:\/\/arquivosfutebolbrasil.com.br\/blog\/wp-json\/wp\/v2\/categories?post=26308"},{"taxonomy":"post_tag","embeddable":true,"href":"https:\/\/arquivosfutebolbrasil.com.br\/blog\/wp-json\/wp\/v2\/tags?post=26308"}],"curies":[{"name":"wp","href":"https:\/\/api.w.org\/{rel}","templated":true}]}}