{"id":2615,"date":"2019-11-25T05:43:13","date_gmt":"2019-11-25T08:43:13","guid":{"rendered":"https:\/\/arquivosfutebolbrasil.com.br\/blog\/?p=2615"},"modified":"2019-11-25T05:43:13","modified_gmt":"2019-11-25T08:43:13","slug":"torneio-inicio-mineiro-1945","status":"publish","type":"post","link":"https:\/\/arquivosfutebolbrasil.com.br\/blog\/2019\/11\/25\/torneio-inicio-mineiro-1945\/","title":{"rendered":"Torneio In\u00edcio Mineiro &#8211; 1945"},"content":{"rendered":"\n<p>Data: 08 de Abril de 1945<br>\nLocal: Belo Horizonte &#8211; MG<\/p>\n\n\n\n<p>1\u00ba Jogo &#8211; 7 de Setembro 1&#215;1 Atl\u00e9tico (1&#215;0 esc)<br>\n2\u00ba Jogo &#8211; Sider\u00fargica 1&#215;0 Cruzeiro<br>\n3\u00ba Jogo &#8211; Am\u00e9rica 0x0 Villa Nova (1&#215;0 esc)<br>\n4\u00ba Jogo &#8211; Sider\u00fargica 0x0 7 de Setembro (1&#215;0 esc)<br>\nFinal &#8211; Am\u00e9rica 1&#215;0 Sider\u00fargica<\/p>\n\n\n\n<p>Campe\u00e3o &#8211; Am\u00e9rica Futebol Clube (Belo Horizonte &#8211; MG)<\/p>\n\n\n\n<p>Fonte: Jornal A Tribuna de Santos\/SP<\/p>\n\r\n","protected":false},"excerpt":{"rendered":"<p>Data: 08 de Abril de 1945 Local: Belo Horizonte &#8211; MG 1\u00ba Jogo &#8211; 7 de Setembro 1&#215;1 Atl\u00e9tico (1&#215;0 esc) 2\u00ba Jogo &#8211; Sider\u00fargica 1&#215;0 Cruzeiro 3\u00ba Jogo &#8211; Am\u00e9rica 0x0 Villa Nova (1&#215;0 esc) 4\u00ba Jogo &#8211; Sider\u00fargica 0x0 7 de Setembro (1&#215;0 esc) Final &#8211; Am\u00e9rica 1&#215;0 Sider\u00fargica Campe\u00e3o &#8211; Am\u00e9rica Futebol [&hellip;]<\/p>\n","protected":false},"author":2,"featured_media":0,"comment_status":"open","ping_status":"open","sticky":false,"template":"","format":"standard","meta":{"footnotes":""},"categories":[48,23],"tags":[],"class_list":["post-2615","post","type-post","status-publish","format-standard","hentry","category-campeonatos-historicos","category-minas-gerais"],"_links":{"self":[{"href":"https:\/\/arquivosfutebolbrasil.com.br\/blog\/wp-json\/wp\/v2\/posts\/2615"}],"collection":[{"href":"https:\/\/arquivosfutebolbrasil.com.br\/blog\/wp-json\/wp\/v2\/posts"}],"about":[{"href":"https:\/\/arquivosfutebolbrasil.com.br\/blog\/wp-json\/wp\/v2\/types\/post"}],"author":[{"embeddable":true,"href":"https:\/\/arquivosfutebolbrasil.com.br\/blog\/wp-json\/wp\/v2\/users\/2"}],"replies":[{"embeddable":true,"href":"https:\/\/arquivosfutebolbrasil.com.br\/blog\/wp-json\/wp\/v2\/comments?post=2615"}],"version-history":[{"count":1,"href":"https:\/\/arquivosfutebolbrasil.com.br\/blog\/wp-json\/wp\/v2\/posts\/2615\/revisions"}],"predecessor-version":[{"id":2616,"href":"https:\/\/arquivosfutebolbrasil.com.br\/blog\/wp-json\/wp\/v2\/posts\/2615\/revisions\/2616"}],"wp:attachment":[{"href":"https:\/\/arquivosfutebolbrasil.com.br\/blog\/wp-json\/wp\/v2\/media?parent=2615"}],"wp:term":[{"taxonomy":"category","embeddable":true,"href":"https:\/\/arquivosfutebolbrasil.com.br\/blog\/wp-json\/wp\/v2\/categories?post=2615"},{"taxonomy":"post_tag","embeddable":true,"href":"https:\/\/arquivosfutebolbrasil.com.br\/blog\/wp-json\/wp\/v2\/tags?post=2615"}],"curies":[{"name":"wp","href":"https:\/\/api.w.org\/{rel}","templated":true}]}}