{"id":26003,"date":"2023-05-31T13:55:14","date_gmt":"2023-05-31T16:55:14","guid":{"rendered":"https:\/\/arquivosfutebolbrasil.com.br\/blog\/?p=26003"},"modified":"2023-05-02T13:56:52","modified_gmt":"2023-05-02T16:56:52","slug":"campeoes-de-sao-vicente-sp-em-1964","status":"publish","type":"post","link":"https:\/\/arquivosfutebolbrasil.com.br\/blog\/2023\/05\/31\/campeoes-de-sao-vicente-sp-em-1964\/","title":{"rendered":"<a href=\"https:\/\/historiadofutebol.com\/blog\/?p=4620\">Campe\u00f5es<\/a> de S\u00e3o Vicente (SP) em 1964"},"content":{"rendered":"\n<p><strong>Divis\u00e3o Principal<\/strong><\/p>\n\n\n\n<p><strong>Torneio In\u00edcio<\/strong><\/p>\n\n\n\n<p>Campe\u00e3o &#8211; S\u00e3o Paulo Recreativo Futebol Clube (S\u00e3o Vicente &#8211; SP)<br>Vice &#8211; Esporte Clube Beira Mar (S\u00e3o Vicente &#8211; SP)<\/p>\n\n\n\n<p><strong>1\u00ba Quadros<\/strong><\/p>\n\n\n\n<p>Campe\u00e3o &#8211; Associa\u00e7\u00e3o Atl\u00e9tica Ferrovi\u00e1ria (S\u00e3o Vicente &#8211; SP)<br>Vice &#8211; Esporte Clube Beira Mar (S\u00e3o Vicente &#8211; SP)<\/p>\n\n\n\n<p><strong>2\u00ba Quadros<\/strong><\/p>\n\n\n\n<p>Campe\u00e3o &#8211; Esporte Clube Beira Mar (S\u00e3o Vicente &#8211; SP)<br>Vice &#8211; S\u00e3o Paulo Recreativo Futebol Clube (S\u00e3o Vicente &#8211; SP)<\/p>\n\n\n\n<p><strong>1\u00aa Divis\u00e3o<\/strong><\/p>\n\n\n\n<p><strong>Torneio In\u00edcio<\/strong><\/p>\n\n\n\n<p>Campe\u00e3o &#8211; Gr\u00eamio Recreativo Vidrobr\u00e1s (S\u00e3o Vicente &#8211; SP)<br>Vice &#8211; Clube Recreativo Continental (S\u00e3o Vicente &#8211; SP)<\/p>\n\n\n\n<p><strong>1\u00ba Quadros<\/strong><br>Campe\u00e3o &#8211; Clube Recreativo Continental (S\u00e3o Vicente &#8211; SP)<br>Vice &#8211; Gr\u00eamio Recreativo Vidrobr\u00e1s (S\u00e3o Vicente &#8211; SP)<\/p>\n\n\n\n<p><strong>2\u00ba Quadros<\/strong><\/p>\n\n\n\n<p>Campe\u00e3o &#8211; Clube Recreativo Continental (S\u00e3o Vicente &#8211; SP)<br>Vice &#8211; Associa\u00e7\u00e3o Portuguesa de Desportos (S\u00e3o Vicente &#8211; SP)<\/p>\n\n\n\n<p>Fonte: Julio Bovi Diogo<\/p>\n\r\n","protected":false},"excerpt":{"rendered":"<p>Divis\u00e3o Principal Torneio In\u00edcio Campe\u00e3o &#8211; S\u00e3o Paulo Recreativo Futebol Clube (S\u00e3o Vicente &#8211; SP)Vice &#8211; Esporte Clube Beira Mar (S\u00e3o Vicente &#8211; SP) 1\u00ba Quadros Campe\u00e3o &#8211; Associa\u00e7\u00e3o Atl\u00e9tica Ferrovi\u00e1ria (S\u00e3o Vicente &#8211; SP)Vice &#8211; Esporte Clube Beira Mar (S\u00e3o Vicente &#8211; SP) 2\u00ba Quadros Campe\u00e3o &#8211; Esporte Clube Beira Mar (S\u00e3o Vicente &#8211; [&hellip;]<\/p>\n","protected":false},"author":2,"featured_media":0,"comment_status":"open","ping_status":"open","sticky":false,"template":"","format":"standard","meta":{"footnotes":""},"categories":[48,49,35],"tags":[],"class_list":["post-26003","post","type-post","status-publish","format-standard","hentry","category-campeonatos-historicos","category-futebol-amador-varzeano","category-sao-paulo"],"_links":{"self":[{"href":"https:\/\/arquivosfutebolbrasil.com.br\/blog\/wp-json\/wp\/v2\/posts\/26003"}],"collection":[{"href":"https:\/\/arquivosfutebolbrasil.com.br\/blog\/wp-json\/wp\/v2\/posts"}],"about":[{"href":"https:\/\/arquivosfutebolbrasil.com.br\/blog\/wp-json\/wp\/v2\/types\/post"}],"author":[{"embeddable":true,"href":"https:\/\/arquivosfutebolbrasil.com.br\/blog\/wp-json\/wp\/v2\/users\/2"}],"replies":[{"embeddable":true,"href":"https:\/\/arquivosfutebolbrasil.com.br\/blog\/wp-json\/wp\/v2\/comments?post=26003"}],"version-history":[{"count":2,"href":"https:\/\/arquivosfutebolbrasil.com.br\/blog\/wp-json\/wp\/v2\/posts\/26003\/revisions"}],"predecessor-version":[{"id":26005,"href":"https:\/\/arquivosfutebolbrasil.com.br\/blog\/wp-json\/wp\/v2\/posts\/26003\/revisions\/26005"}],"wp:attachment":[{"href":"https:\/\/arquivosfutebolbrasil.com.br\/blog\/wp-json\/wp\/v2\/media?parent=26003"}],"wp:term":[{"taxonomy":"category","embeddable":true,"href":"https:\/\/arquivosfutebolbrasil.com.br\/blog\/wp-json\/wp\/v2\/categories?post=26003"},{"taxonomy":"post_tag","embeddable":true,"href":"https:\/\/arquivosfutebolbrasil.com.br\/blog\/wp-json\/wp\/v2\/tags?post=26003"}],"curies":[{"name":"wp","href":"https:\/\/api.w.org\/{rel}","templated":true}]}}