{"id":25739,"date":"2023-04-08T08:05:30","date_gmt":"2023-04-08T11:05:30","guid":{"rendered":"https:\/\/arquivosfutebolbrasil.com.br\/blog\/?p=25739"},"modified":"2023-04-08T08:05:31","modified_gmt":"2023-04-08T11:05:31","slug":"livro-do-sao-cristovao-ao-guarany-a-historia-do-futebol-sobralense","status":"publish","type":"post","link":"https:\/\/arquivosfutebolbrasil.com.br\/blog\/2023\/04\/08\/livro-do-sao-cristovao-ao-guarany-a-historia-do-futebol-sobralense\/","title":{"rendered":"Livro: &#8220;Do S\u00e3o Crist\u00f3v\u00e3o ao Guarany &#8211; A Hist\u00f3ria do Futebol Sobralense&#8221;"},"content":{"rendered":"\n<figure class=\"wp-block-image size-full is-resized\"><img loading=\"lazy\" decoding=\"async\" src=\"https:\/\/arquivosfutebolbrasil.com.br\/blog\/wp-content\/uploads\/2023\/04\/image-7.png\" alt=\"\" class=\"wp-image-25740\" width=\"445\" height=\"629\" srcset=\"https:\/\/arquivosfutebolbrasil.com.br\/blog\/wp-content\/uploads\/2023\/04\/image-7.png 537w, https:\/\/arquivosfutebolbrasil.com.br\/blog\/wp-content\/uploads\/2023\/04\/image-7-212x300.png 212w\" sizes=\"(max-width: 445px) 100vw, 445px\" \/><\/figure>\n\r\n","protected":false},"excerpt":{"rendered":"","protected":false},"author":2,"featured_media":0,"comment_status":"open","ping_status":"open","sticky":false,"template":"","format":"standard","meta":{"footnotes":""},"categories":[16,52],"tags":[],"class_list":["post-25739","post","type-post","status-publish","format-standard","hentry","category-ceara","category-livros-videos-biblioteca-virtual"],"_links":{"self":[{"href":"https:\/\/arquivosfutebolbrasil.com.br\/blog\/wp-json\/wp\/v2\/posts\/25739"}],"collection":[{"href":"https:\/\/arquivosfutebolbrasil.com.br\/blog\/wp-json\/wp\/v2\/posts"}],"about":[{"href":"https:\/\/arquivosfutebolbrasil.com.br\/blog\/wp-json\/wp\/v2\/types\/post"}],"author":[{"embeddable":true,"href":"https:\/\/arquivosfutebolbrasil.com.br\/blog\/wp-json\/wp\/v2\/users\/2"}],"replies":[{"embeddable":true,"href":"https:\/\/arquivosfutebolbrasil.com.br\/blog\/wp-json\/wp\/v2\/comments?post=25739"}],"version-history":[{"count":1,"href":"https:\/\/arquivosfutebolbrasil.com.br\/blog\/wp-json\/wp\/v2\/posts\/25739\/revisions"}],"predecessor-version":[{"id":25741,"href":"https:\/\/arquivosfutebolbrasil.com.br\/blog\/wp-json\/wp\/v2\/posts\/25739\/revisions\/25741"}],"wp:attachment":[{"href":"https:\/\/arquivosfutebolbrasil.com.br\/blog\/wp-json\/wp\/v2\/media?parent=25739"}],"wp:term":[{"taxonomy":"category","embeddable":true,"href":"https:\/\/arquivosfutebolbrasil.com.br\/blog\/wp-json\/wp\/v2\/categories?post=25739"},{"taxonomy":"post_tag","embeddable":true,"href":"https:\/\/arquivosfutebolbrasil.com.br\/blog\/wp-json\/wp\/v2\/tags?post=25739"}],"curies":[{"name":"wp","href":"https:\/\/api.w.org\/{rel}","templated":true}]}}