{"id":25696,"date":"2023-04-30T21:14:00","date_gmt":"2023-05-01T00:14:00","guid":{"rendered":"https:\/\/arquivosfutebolbrasil.com.br\/blog\/?p=25696"},"modified":"2023-03-16T21:14:45","modified_gmt":"2023-03-17T00:14:45","slug":"foto-historica-esporte-clube-macapa-macapa-ap-1974","status":"publish","type":"post","link":"https:\/\/arquivosfutebolbrasil.com.br\/blog\/2023\/04\/30\/foto-historica-esporte-clube-macapa-macapa-ap-1974\/","title":{"rendered":"Foto Hist\u00f3rica &#8211; Esporte Clube Macap\u00e1 (Macap\u00e1 &#8211; AP) &#8211; 1974"},"content":{"rendered":"<div class=\"wp-block-image\">\n<figure class=\"aligncenter size-full is-resized\"><img loading=\"lazy\" decoding=\"async\" src=\"https:\/\/arquivosfutebolbrasil.com.br\/blog\/wp-content\/uploads\/2023\/03\/image-9.png\" alt=\"\" class=\"wp-image-25697\" width=\"579\" height=\"380\" srcset=\"https:\/\/arquivosfutebolbrasil.com.br\/blog\/wp-content\/uploads\/2023\/03\/image-9.png 546w, https:\/\/arquivosfutebolbrasil.com.br\/blog\/wp-content\/uploads\/2023\/03\/image-9-300x197.png 300w\" sizes=\"(max-width: 579px) 100vw, 579px\" \/><figcaption class=\"wp-element-caption\">Fonte: Franselmo George<\/figcaption><\/figure><\/div>\r\n","protected":false},"excerpt":{"rendered":"","protected":false},"author":2,"featured_media":0,"comment_status":"open","ping_status":"open","sticky":false,"template":"","format":"standard","meta":{"footnotes":""},"categories":[4,54],"tags":[],"class_list":["post-25696","post","type-post","status-publish","format-standard","hentry","category-amapa","category-fotos-historicas"],"_links":{"self":[{"href":"https:\/\/arquivosfutebolbrasil.com.br\/blog\/wp-json\/wp\/v2\/posts\/25696"}],"collection":[{"href":"https:\/\/arquivosfutebolbrasil.com.br\/blog\/wp-json\/wp\/v2\/posts"}],"about":[{"href":"https:\/\/arquivosfutebolbrasil.com.br\/blog\/wp-json\/wp\/v2\/types\/post"}],"author":[{"embeddable":true,"href":"https:\/\/arquivosfutebolbrasil.com.br\/blog\/wp-json\/wp\/v2\/users\/2"}],"replies":[{"embeddable":true,"href":"https:\/\/arquivosfutebolbrasil.com.br\/blog\/wp-json\/wp\/v2\/comments?post=25696"}],"version-history":[{"count":1,"href":"https:\/\/arquivosfutebolbrasil.com.br\/blog\/wp-json\/wp\/v2\/posts\/25696\/revisions"}],"predecessor-version":[{"id":25698,"href":"https:\/\/arquivosfutebolbrasil.com.br\/blog\/wp-json\/wp\/v2\/posts\/25696\/revisions\/25698"}],"wp:attachment":[{"href":"https:\/\/arquivosfutebolbrasil.com.br\/blog\/wp-json\/wp\/v2\/media?parent=25696"}],"wp:term":[{"taxonomy":"category","embeddable":true,"href":"https:\/\/arquivosfutebolbrasil.com.br\/blog\/wp-json\/wp\/v2\/categories?post=25696"},{"taxonomy":"post_tag","embeddable":true,"href":"https:\/\/arquivosfutebolbrasil.com.br\/blog\/wp-json\/wp\/v2\/tags?post=25696"}],"curies":[{"name":"wp","href":"https:\/\/api.w.org\/{rel}","templated":true}]}}