{"id":25430,"date":"2023-01-26T05:57:42","date_gmt":"2023-01-26T08:57:42","guid":{"rendered":"https:\/\/arquivosfutebolbrasil.com.br\/blog\/?p=25430"},"modified":"2023-01-26T05:57:42","modified_gmt":"2023-01-26T08:57:42","slug":"excursao-internacional-do-gremio-football-porto-alegrense-porto-alegre-rs-em-1988","status":"publish","type":"post","link":"https:\/\/arquivosfutebolbrasil.com.br\/blog\/2023\/01\/26\/excursao-internacional-do-gremio-football-porto-alegrense-porto-alegre-rs-em-1988\/","title":{"rendered":"Excurs\u00e3o Internacional do Gr\u00eamio Football Porto Alegrense (Porto Alegre &#8211; RS) em 1988"},"content":{"rendered":"<div class=\"wp-block-image\">\n<figure class=\"aligncenter size-full is-resized\"><img loading=\"lazy\" decoding=\"async\" src=\"https:\/\/arquivosfutebolbrasil.com.br\/blog\/wp-content\/uploads\/2023\/01\/image-118.png\" alt=\"\" class=\"wp-image-25431\" width=\"119\" height=\"144\" srcset=\"https:\/\/arquivosfutebolbrasil.com.br\/blog\/wp-content\/uploads\/2023\/01\/image-118.png 356w, https:\/\/arquivosfutebolbrasil.com.br\/blog\/wp-content\/uploads\/2023\/01\/image-118-248x300.png 248w\" sizes=\"(max-width: 119px) 100vw, 119px\" \/><\/figure><\/div>\n\n\n<p>Gr\u00eamio 2&#215;0 Sele\u00e7\u00e3o de Honduras \/ Data: 04 de fevereiro de 1988 \/ Local: Est\u00e1dio Nacional Tiburcio Car\u00edas Andino, em Tegucigalpa &#8211; Honduras \/ \u00c1rbitro: Jorge Irias Torres \/ Gols: Lima e Airton \/ Gr\u00eamio: Mazar\u00f3pi, Alfinete, Henrique (Jo\u00e3o Ant\u00f4nio), Lu\u00eds Eduardo, A\u00edrton; Amaral, Serginho, Crist\u00f3v\u00e3o (Cl\u00e1udio Freitas), Lima; Jorge Veras (Cuca) e Helinho (Almir) \/ Sele\u00e7\u00e3o de Honduras: Belarmino Rivera, Daniel Zapata, Patrocinio Sierra, Danilo Galindo, Ra\u00fal Sambul\u00e1; Marco Ord\u00f3\u00f1ez, Erick F\u00fa, Javier Flores (Nelson Pav\u00f3n), Leonel Machado; Juan Flores (Richardson Smith) e Geovany \u00c1vila<\/p>\n\n\n\n<p>Gr\u00eamio 2&#215;2 \u00c1guila (El Salvador) \/ Data: 05 de fevereiro de 1988 \/ Local: Est\u00e1dio Municipal Juan Francisco Barraza, em San Miguel &#8211; El Salvador \/ \u00c1rbitro: Francisco Jos\u00e9 Sales Nunes \/ Gols: Luis Guelmo, N\u00e9stor Doroni, Lima e Helinho \/ Gr\u00eamio: Chico, Alfinete, Henrique, Lu\u00eds Eduardo, A\u00edrton; Amaral (Cl\u00e1udio Freitas), Serginho (Darci), Crist\u00f3v\u00e3o, Lima; Helinho e Jorge Veras (Cuca) \/ \u00c1guila: Alcides Caballero, Medrano, Orellana, Carlos Coreas, J\u00falio Herrera; Ramon Maradiaga, Juan Carlos Carre\u00f1o, N\u00e9stor Doroni (H\u00e9ctor Rosales), Luis Guelmo; Lu\u00eds Ram\u00edrez e Salvador Coreas<\/p>\n\n\n\n<p>Gr\u00eamio 2&#215;0 Sele\u00e7\u00e3o de Honduras \/ Data: 07 de fevereiro de 1988 \/ Local: Local: Est\u00e1dio Francisco Moraz\u00e1n, em San Pedro Sula &#8211; Honduras \/ \u00c1rbitro: Rodolfo Martinez \/ Gols: Danilo Galindo (contra) e Crist\u00f3v\u00e3o \/ Gr\u00eamio: Mazar\u00f3pi, Alfinete, Henrique, Lu\u00eds Eduardo, A\u00edrton; Amaral (Cl\u00e1udio Freitas), Serginho, Crist\u00f3v\u00e3o, Lima; Jorge Veras e Helinho (Cuca) \/ Sele\u00e7\u00e3o de Honduras: Belarmino Rivera, Daniel Zapata, Danilo Galindo (Geovany \u00c1vila), Ra\u00fal Sambul\u00e1, Ramon Rodr\u00edguez; Richardson Smith, Marco Ord\u00f3\u00f1ez, Javier Flores, Leonel Machado (Nelson Pav\u00f3n); Erick F\u00fa e Juan Flores<\/p>\n\n\n\n<p>Gr\u00eamio 2&#215;2 Sele\u00e7\u00e3o de Costa Rica \/ Data: 10 de fevereiro de 1988 \/ Local: Est\u00e1dio Nacional, em San Jos\u00e9 &#8211; Costa Rica \/ \u00c1rbitro: Jos\u00e9 Luis Vargas \/ Gols: Hern\u00e1n Medford (2), Lima e Alfinete \/ Gr\u00eamio: Mazar\u00f3pi, Alfinete, Henrique, Lu\u00eds Eduardo, A\u00edrton; Amaral, Serginho (Cuca), Crist\u00f3v\u00e3o, Lima (Jo\u00e3o Ant\u00f4nio); Jorge Veras (Cl\u00e1udio Freitas) e Helinho (Almir) \/ Sele\u00e7\u00e3o de Costa Rica: Lu\u00eds Conejo, Benigno Guido, Roger Flores, Freddy Mungui\u00f3 (Maur\u00edcio Montero), Edwin Chavarr\u00eda; H\u00e9ctor Marchena (\u00d3scar Ram\u00edrez), Geovanny Jara, Alexandre Guimar\u00e3es, Juan Cayasso (Sivianni Rodr\u00edguez); Franklin Williams (Leoni Flores) e Hern\u00e1n Medford<\/p>\n\n\n\n<p>Gr\u00eamio 1&#215;2 Universit\u00e1rio (Peru) \/ Data: 12 de fevereiro de 1988 \/ Est\u00e1dio Nacional, em Lima &#8211; Peru \/ \u00c1rbitro: Alberto Tejada \/ Gols: Rey Munhoz, Pedro Requena e Crist\u00f3v\u00e3o \/ Gr\u00eamio: Mazar\u00f3pi, Alfinete, Henrique, Lu\u00eds Eduardo, A\u00edrton; Amaral, Serginho (Cl\u00e1udio Freitas), Crist\u00f3v\u00e3o, Lima; Jorge Veras (Jo\u00e3o Ant\u00f4nio) e Helinho (Cuca) \/ Universit\u00e1rio: Ruben Urquiza, Samuel Eug\u00eanio, Jos\u00e9 Carranza, Pedro Requena, Jos\u00e9 Trece; Lu\u00eds Reyna (Leoncio Cervera), Javier Chirinos, Jes\u00fas Torrealba, Germ\u00e1n Legu\u00eda (Alfonso Y\u00e1\u00f1ez); Fidel Su\u00e1rez e Rey Mu\u00f1oz<\/p>\n\n\n\n<p>Fonte: sumulastche<\/p>\n\r\n","protected":false},"excerpt":{"rendered":"<p>Gr\u00eamio 2&#215;0 Sele\u00e7\u00e3o de Honduras \/ Data: 04 de fevereiro de 1988 \/ Local: Est\u00e1dio Nacional Tiburcio Car\u00edas Andino, em Tegucigalpa &#8211; Honduras \/ \u00c1rbitro: Jorge Irias Torres \/ Gols: Lima e Airton \/ Gr\u00eamio: Mazar\u00f3pi, Alfinete, Henrique (Jo\u00e3o Ant\u00f4nio), Lu\u00eds Eduardo, A\u00edrton; Amaral, Serginho, Crist\u00f3v\u00e3o (Cl\u00e1udio Freitas), Lima; Jorge Veras (Cuca) e Helinho (Almir) [&hellip;]<\/p>\n","protected":false},"author":2,"featured_media":0,"comment_status":"open","ping_status":"open","sticky":false,"template":"","format":"standard","meta":{"footnotes":""},"categories":[42,47,32],"tags":[],"class_list":["post-25430","post","type-post","status-publish","format-standard","hentry","category-jogos-amistosos-internacionais","category-jogos-historicos","category-rio-grande-do-sul"],"_links":{"self":[{"href":"https:\/\/arquivosfutebolbrasil.com.br\/blog\/wp-json\/wp\/v2\/posts\/25430"}],"collection":[{"href":"https:\/\/arquivosfutebolbrasil.com.br\/blog\/wp-json\/wp\/v2\/posts"}],"about":[{"href":"https:\/\/arquivosfutebolbrasil.com.br\/blog\/wp-json\/wp\/v2\/types\/post"}],"author":[{"embeddable":true,"href":"https:\/\/arquivosfutebolbrasil.com.br\/blog\/wp-json\/wp\/v2\/users\/2"}],"replies":[{"embeddable":true,"href":"https:\/\/arquivosfutebolbrasil.com.br\/blog\/wp-json\/wp\/v2\/comments?post=25430"}],"version-history":[{"count":1,"href":"https:\/\/arquivosfutebolbrasil.com.br\/blog\/wp-json\/wp\/v2\/posts\/25430\/revisions"}],"predecessor-version":[{"id":25432,"href":"https:\/\/arquivosfutebolbrasil.com.br\/blog\/wp-json\/wp\/v2\/posts\/25430\/revisions\/25432"}],"wp:attachment":[{"href":"https:\/\/arquivosfutebolbrasil.com.br\/blog\/wp-json\/wp\/v2\/media?parent=25430"}],"wp:term":[{"taxonomy":"category","embeddable":true,"href":"https:\/\/arquivosfutebolbrasil.com.br\/blog\/wp-json\/wp\/v2\/categories?post=25430"},{"taxonomy":"post_tag","embeddable":true,"href":"https:\/\/arquivosfutebolbrasil.com.br\/blog\/wp-json\/wp\/v2\/tags?post=25430"}],"curies":[{"name":"wp","href":"https:\/\/api.w.org\/{rel}","templated":true}]}}