{"id":25395,"date":"2023-03-03T20:25:09","date_gmt":"2023-03-03T23:25:09","guid":{"rendered":"https:\/\/arquivosfutebolbrasil.com.br\/blog\/?p=25395"},"modified":"2023-01-24T20:26:23","modified_gmt":"2023-01-24T23:26:23","slug":"copao-da-amazonia-1984","status":"publish","type":"post","link":"https:\/\/arquivosfutebolbrasil.com.br\/blog\/2023\/03\/03\/copao-da-amazonia-1984\/","title":{"rendered":"Cop\u00e3o da Amaz\u00f4nia &#8211; 1984"},"content":{"rendered":"\n<p><strong>Equipes Participantes:<\/strong><\/p>\n\n\n\n<p>Bar\u00e9 Esporte Clube (Boa Vista &#8211; RR)<br>Clube de Regatas Flamengo (Porto Velho &#8211; RO)<br>Independente Esporte Clube (Santana &#8211; AP)<br>Rio Branco Football Club (Rio Branco &#8211; AC)<\/p>\n\n\n\n<p><strong>Turno \u00danico<\/strong><\/p>\n\n\n\n<p>16.10.1984<br>Rio Branco (AC) 3&#215;0 Flamengo (RO), em Macap\u00e1<br>Bar\u00e9 (RR) 3&#215;0 Independente (AP), em Macap\u00e1<br>18.10.1984<br>Bar\u00e9 (RR) 1&#215;0 Flamengo (RO), em Macap\u00e1<br>Independente (AP) 2&#215;1 Rio Branco (AC), em Macap\u00e1<br>20.10.1984<br>Independente (AP) 2&#215;2 Flamengo (RO), em Macap\u00e1<br>Rio Branco (AC) 2&#215;1 Bar\u00e9 (RR), em Macap\u00e1<\/p>\n\n\n\n<pre class=\"wp-block-code\"><code>    J   V   E   D   GP  GC  PG<\/code><\/pre>\n\n\n\n<p>01\u00ba Rio Branco (AC) 03 02 00 01 06 03 04<br>02\u00ba Bar\u00e9 (RR) 03 02 00 01 05 02 04<br>03\u00ba Independente (AP) 03 01 01 01 04 06 03<br>04\u00ba Flamengo (RO) 03 00 01 02 02 06 01<\/p>\n\n\n\n<p><strong>Final<\/strong><\/p>\n\n\n\n<p>23.10.1984<br>Rio Branco (AC) 2&#215;0 Bar\u00e9 (RR), em Macap\u00e1<\/p>\n\n\n<div class=\"wp-block-image\">\n<figure class=\"aligncenter size-full is-resized\"><img loading=\"lazy\" decoding=\"async\" src=\"https:\/\/arquivosfutebolbrasil.com.br\/blog\/wp-content\/uploads\/2023\/01\/image-106.png\" alt=\"\" class=\"wp-image-25396\" width=\"102\" height=\"133\"\/><\/figure><\/div>\n\n\n<p>Campe\u00e3o &#8211; Rio Branco Football Club (Rio Branco &#8211; AC)<\/p>\n\n\n\n<p>Fonte: Franselmo George<\/p>\n\r\n","protected":false},"excerpt":{"rendered":"<p>Equipes Participantes: Bar\u00e9 Esporte Clube (Boa Vista &#8211; RR)Clube de Regatas Flamengo (Porto Velho &#8211; RO)Independente Esporte Clube (Santana &#8211; AP)Rio Branco Football Club (Rio Branco &#8211; AC) Turno \u00danico 16.10.1984Rio Branco (AC) 3&#215;0 Flamengo (RO), em Macap\u00e1Bar\u00e9 (RR) 3&#215;0 Independente (AP), em Macap\u00e118.10.1984Bar\u00e9 (RR) 1&#215;0 Flamengo (RO), em Macap\u00e1Independente (AP) 2&#215;1 Rio Branco (AC), [&hellip;]<\/p>\n","protected":false},"author":2,"featured_media":0,"comment_status":"open","ping_status":"open","sticky":false,"template":"","format":"standard","meta":{"footnotes":""},"categories":[5,4,48,47,33,34],"tags":[],"class_list":["post-25395","post","type-post","status-publish","format-standard","hentry","category-acre","category-amapa","category-campeonatos-historicos","category-jogos-historicos","category-rondonia","category-roraima"],"_links":{"self":[{"href":"https:\/\/arquivosfutebolbrasil.com.br\/blog\/wp-json\/wp\/v2\/posts\/25395"}],"collection":[{"href":"https:\/\/arquivosfutebolbrasil.com.br\/blog\/wp-json\/wp\/v2\/posts"}],"about":[{"href":"https:\/\/arquivosfutebolbrasil.com.br\/blog\/wp-json\/wp\/v2\/types\/post"}],"author":[{"embeddable":true,"href":"https:\/\/arquivosfutebolbrasil.com.br\/blog\/wp-json\/wp\/v2\/users\/2"}],"replies":[{"embeddable":true,"href":"https:\/\/arquivosfutebolbrasil.com.br\/blog\/wp-json\/wp\/v2\/comments?post=25395"}],"version-history":[{"count":1,"href":"https:\/\/arquivosfutebolbrasil.com.br\/blog\/wp-json\/wp\/v2\/posts\/25395\/revisions"}],"predecessor-version":[{"id":25397,"href":"https:\/\/arquivosfutebolbrasil.com.br\/blog\/wp-json\/wp\/v2\/posts\/25395\/revisions\/25397"}],"wp:attachment":[{"href":"https:\/\/arquivosfutebolbrasil.com.br\/blog\/wp-json\/wp\/v2\/media?parent=25395"}],"wp:term":[{"taxonomy":"category","embeddable":true,"href":"https:\/\/arquivosfutebolbrasil.com.br\/blog\/wp-json\/wp\/v2\/categories?post=25395"},{"taxonomy":"post_tag","embeddable":true,"href":"https:\/\/arquivosfutebolbrasil.com.br\/blog\/wp-json\/wp\/v2\/tags?post=25395"}],"curies":[{"name":"wp","href":"https:\/\/api.w.org\/{rel}","templated":true}]}}