{"id":25091,"date":"2023-01-15T12:29:00","date_gmt":"2023-01-15T15:29:00","guid":{"rendered":"https:\/\/arquivosfutebolbrasil.com.br\/blog\/?p=25091"},"modified":"2023-01-01T12:31:12","modified_gmt":"2023-01-01T15:31:12","slug":"campeonato-alagoano-feminino-2021","status":"publish","type":"post","link":"https:\/\/arquivosfutebolbrasil.com.br\/blog\/2023\/01\/15\/campeonato-alagoano-feminino-2021\/","title":{"rendered":"Campeonato Alagoano &#8211; Feminino &#8211; 2021"},"content":{"rendered":"<div class=\"wp-block-image\">\n<figure class=\"aligncenter size-full\"><img loading=\"lazy\" decoding=\"async\" width=\"774\" height=\"392\" src=\"https:\/\/arquivosfutebolbrasil.com.br\/blog\/wp-content\/uploads\/2023\/01\/image-6.png\" alt=\"\" class=\"wp-image-25092\" srcset=\"https:\/\/arquivosfutebolbrasil.com.br\/blog\/wp-content\/uploads\/2023\/01\/image-6.png 774w, https:\/\/arquivosfutebolbrasil.com.br\/blog\/wp-content\/uploads\/2023\/01\/image-6-300x152.png 300w, https:\/\/arquivosfutebolbrasil.com.br\/blog\/wp-content\/uploads\/2023\/01\/image-6-768x389.png 768w\" sizes=\"(max-width: 774px) 100vw, 774px\" \/><figcaption>Clube de Regatas Brasil &#8211; Campe\u00e3o<\/figcaption><\/figure><\/div>\n\n\n<p><strong>Equipes Participantes:<\/strong><\/p>\n\n\n\n<p>Acau\u00e3 Futebol Clube (Macei\u00f3)<br>Clube Atl\u00e9tico Alagoano (Macei\u00f3)<br>Clube de Regatas Brasil (Macei\u00f3)<br>Desportivo Alian\u00e7a (Pilar)<br>D\u00ednamo Esporte Clube (Macei\u00f3)<br>Guerreiras Esporte Clube (Macei\u00f3)<br>Uni\u00e3o Desportiva Alagoana (Macei\u00f3)<\/p>\n\n\n\n<p><strong>1\u00aa Fase<\/strong><\/p>\n\n\n\n<p>28.08.2021<br>Uni\u00e3o Alagoana 6&#215;0 D\u00ednamo, em Macei\u00f3<br>C.R.B. 14&#215;0 Desportivo Alian\u00e7a, em Macei\u00f3<br>Acau\u00e3 2&#215;0 Guerreiras, em Macei\u00f3<br>04.09.2021<br>Guerreiras 5&#215;1 D\u00ednamo, em Macei\u00f3<br>05.09.2021<br>Acau\u00e3 4&#215;0 Atl\u00e9tico Alagoano, em Macei\u00f3<br>C.R.B. 2&#215;1 Uni\u00e3o Alagoana, em Macei\u00f3<br>07.09.2021<br>Atl\u00e9tico Alagoano 7&#215;1 D\u00ednamo, em Macei\u00f3<br>Uni\u00e3o Alagoana 8&#215;0 Desportivo Alian\u00e7a, em Macei\u00f3<br>C.R.B. 7&#215;1 Acau\u00e3, em Macei\u00f3<br>11.09.2021<br>C.R.B. 15&#215;0 D\u00ednamo, em Macei\u00f3<br>12.09.2021<br>Acau\u00e3 4&#215;0 Desportivo Alian\u00e7a, em Macei\u00f3<br>16.09.2021<br>Acau\u00e3 6&#215;0 D\u00ednamo, em Macei\u00f3<br>Uni\u00e3o Alagoana 2&#215;0 Atl\u00e9tico Alagoano, em Macei\u00f3<br>Guerreiras 2&#215;0 Desportivo Alian\u00e7a, em Macei\u00f3<br>18.09.2021<br>Desportivo Alian\u00e7a 2&#215;1 D\u00ednamo, em Macei\u00f3<br>19.09.2021<br>C.R.B. 3&#215;0 Atl\u00e9tico Alagoano, em Macei\u00f3<br>Guerreiras 1&#215;1 Uni\u00e3o Alagoana, em Macei\u00f3<br>22.09.2021<br>Atl\u00e9tico Alagoano 2&#215;0 Guerreiras, em Macei\u00f3<br>25.09.2021<br>C.R.B. 5&#215;0 Guerreiras, em Macei\u00f3<br>Atl\u00e9tico Alagoano 5&#215;0 Desportivo Alian\u00e7a, em Macei\u00f3<br>Uni\u00e3o Alagoana 1&#215;1 Acau\u00e3, em Macei\u00f3<\/p>\n\n\n\n<p><strong>Semi Final<\/strong><\/p>\n\n\n\n<p>03.10.2021<br>Acau\u00e3 0x0 Uni\u00e3o Alagoana, em Macei\u00f3<br>04.10.2021<br>C.R.B. 7&#215;0 Atl\u00e9tico Alagoano, em Macei\u00f3<\/p>\n\n\n\n<p><strong>Final<\/strong><\/p>\n\n\n\n<p>09.10.2021<br>C.R.B. 4&#215;1 Acau\u00e3, em Macei\u00f3<\/p>\n\n\n<div class=\"wp-block-image\">\n<figure class=\"aligncenter size-full is-resized\"><img loading=\"lazy\" decoding=\"async\" src=\"https:\/\/arquivosfutebolbrasil.com.br\/blog\/wp-content\/uploads\/2023\/01\/image-7.png\" alt=\"\" class=\"wp-image-25093\" width=\"126\" height=\"127\" srcset=\"https:\/\/arquivosfutebolbrasil.com.br\/blog\/wp-content\/uploads\/2023\/01\/image-7.png 215w, https:\/\/arquivosfutebolbrasil.com.br\/blog\/wp-content\/uploads\/2023\/01\/image-7-150x150.png 150w\" sizes=\"(max-width: 126px) 100vw, 126px\" \/><\/figure><\/div>\n\n\n<p>Campe\u00e3o &#8211; Clube de Regatas Brasil (Macei\u00f3 &#8211; AL)<\/p>\n\n\n\n<p>Fonte: Julio Bovi Diogo<\/p>\n\r\n","protected":false},"excerpt":{"rendered":"<p>Equipes Participantes: Acau\u00e3 Futebol Clube (Macei\u00f3)Clube Atl\u00e9tico Alagoano (Macei\u00f3)Clube de Regatas Brasil (Macei\u00f3)Desportivo Alian\u00e7a (Pilar)D\u00ednamo Esporte Clube (Macei\u00f3)Guerreiras Esporte Clube (Macei\u00f3)Uni\u00e3o Desportiva Alagoana (Macei\u00f3) 1\u00aa Fase 28.08.2021Uni\u00e3o Alagoana 6&#215;0 D\u00ednamo, em Macei\u00f3C.R.B. 14&#215;0 Desportivo Alian\u00e7a, em Macei\u00f3Acau\u00e3 2&#215;0 Guerreiras, em Macei\u00f304.09.2021Guerreiras 5&#215;1 D\u00ednamo, em Macei\u00f305.09.2021Acau\u00e3 4&#215;0 Atl\u00e9tico Alagoano, em Macei\u00f3C.R.B. 2&#215;1 Uni\u00e3o Alagoana, em Macei\u00f307.09.2021Atl\u00e9tico [&hellip;]<\/p>\n","protected":false},"author":2,"featured_media":0,"comment_status":"open","ping_status":"open","sticky":false,"template":"","format":"standard","meta":{"footnotes":""},"categories":[3,48,54,50,47],"tags":[],"class_list":["post-25091","post","type-post","status-publish","format-standard","hentry","category-alagoas","category-campeonatos-historicos","category-fotos-historicas","category-futebol-feminino","category-jogos-historicos"],"_links":{"self":[{"href":"https:\/\/arquivosfutebolbrasil.com.br\/blog\/wp-json\/wp\/v2\/posts\/25091"}],"collection":[{"href":"https:\/\/arquivosfutebolbrasil.com.br\/blog\/wp-json\/wp\/v2\/posts"}],"about":[{"href":"https:\/\/arquivosfutebolbrasil.com.br\/blog\/wp-json\/wp\/v2\/types\/post"}],"author":[{"embeddable":true,"href":"https:\/\/arquivosfutebolbrasil.com.br\/blog\/wp-json\/wp\/v2\/users\/2"}],"replies":[{"embeddable":true,"href":"https:\/\/arquivosfutebolbrasil.com.br\/blog\/wp-json\/wp\/v2\/comments?post=25091"}],"version-history":[{"count":1,"href":"https:\/\/arquivosfutebolbrasil.com.br\/blog\/wp-json\/wp\/v2\/posts\/25091\/revisions"}],"predecessor-version":[{"id":25094,"href":"https:\/\/arquivosfutebolbrasil.com.br\/blog\/wp-json\/wp\/v2\/posts\/25091\/revisions\/25094"}],"wp:attachment":[{"href":"https:\/\/arquivosfutebolbrasil.com.br\/blog\/wp-json\/wp\/v2\/media?parent=25091"}],"wp:term":[{"taxonomy":"category","embeddable":true,"href":"https:\/\/arquivosfutebolbrasil.com.br\/blog\/wp-json\/wp\/v2\/categories?post=25091"},{"taxonomy":"post_tag","embeddable":true,"href":"https:\/\/arquivosfutebolbrasil.com.br\/blog\/wp-json\/wp\/v2\/tags?post=25091"}],"curies":[{"name":"wp","href":"https:\/\/api.w.org\/{rel}","templated":true}]}}