{"id":24885,"date":"2023-01-02T16:53:00","date_gmt":"2023-01-02T19:53:00","guid":{"rendered":"https:\/\/arquivosfutebolbrasil.com.br\/blog\/?p=24885"},"modified":"2022-12-22T16:57:04","modified_gmt":"2022-12-22T19:57:04","slug":"taca-cidade-de-campos-rj-2022","status":"publish","type":"post","link":"https:\/\/arquivosfutebolbrasil.com.br\/blog\/2023\/01\/02\/taca-cidade-de-campos-rj-2022\/","title":{"rendered":"Ta\u00e7a Cidade de Campos (RJ) \u2013 2022"},"content":{"rendered":"\n<p><strong>Equipes Participantes:<\/strong><\/p>\n\n\n\n<p>Bragantino Futebol Clube (Campos)<br>Hel\u00eanico Futebol Clube (Campos)<br>Pau Ferro Futebol Clube (Campos)<br>Uni\u00e3o Futebol Clube (Campos)<br>Vila Am\u00e9rica Futebol Clube (Campos)<\/p>\n\n\n\n<p><strong>1\u00ba Turno<\/strong><\/p>\n\n\n\n<p>21.08.2022<br>Pau Ferro 1&#215;1 Hel\u00eanico, em Campos<br>Vila Am\u00e9rica 1&#215;0 Uni\u00e3o, em Campos<br>28.08.2022<br>Hel\u00eanico 3&#215;0 Uni\u00e3o, em Campos<br>Vila Am\u00e9rica 1&#215;1 Bragantino, em Campos<br>04.09.2022<br>Hel\u00eanico 1&#215;0 Bragantino, em Campos<br>Uni\u00e3o 3&#215;0 Pau Ferro, em Campos<br>11.09.2022<br>Hel\u00eanico 1&#215;0 Vila Am\u00e9rica, em Campos<br>Pau Ferro 1&#215;0 Bragantino, em Campos<br>18.09.2022<br>Pau Ferro 3&#215;1 Vila Am\u00e9rica, em Campos<br>Bragantino 2&#215;1 Uni\u00e3o, em Campos<\/p>\n\n\n\n<p><strong>2\u00ba Turno<\/strong><\/p>\n\n\n\n<p>09.10.2022<br>Hel\u00eanico 3&#215;0 Pau Ferro, em Campos<br>Vila Am\u00e9rica 2&#215;0 Uni\u00e3o, em Campos<br>16.10.2022<br>Hel\u00eanico 3&#215;2 Uni\u00e3o, em Campos<br>Vila Am\u00e9rica 1&#215;1 Bragantino, em Campos<br>23.10.2022<br>Hel\u00eanico 6&#215;4 Bragantino, em Campos<br>Pau Ferro 2&#215;1 Uni\u00e3o, em Campos<br>06.11.2022<br>Vila Am\u00e9rica 1&#215;1 Hel\u00eanico, em Campos<br>Bragantino 1&#215;0 Pau Ferro, em Campos<br>13.11.2022<br>Vila Am\u00e9rica 2&#215;0 Pau Ferro, em Campos<br>Bragantino 3&#215;0 Uni\u00e3o, em Campos<\/p>\n\n\n\n<pre class=\"wp-block-code\"><code>        J   V   E   D   GP  GC  PG<\/code><\/pre>\n\n\n\n<p>01\u00ba Hel\u00eanico 08 06 02 00 19 08 20<br>02\u00ba Vila Am\u00e9rica 08 03 03 02 09 08 12<br>03\u00b0 Bragantino 08 03 02 03 12 11 11<br>04\u00ba Pau Ferro 08 03 01 04 07 12 10<br>05\u00ba Uni\u00e3o 08 01 00 07 08 16 03<\/p>\n\n\n\n<p><strong>Semi Final<\/strong><\/p>\n\n\n\n<p>20.11.2022<br>Hel\u00eanico 1&#215;0 Pau Ferro, em Campos<br>27.11.2022<br>Vila Am\u00e9rica W0x0 Bragantino, em Campos<\/p>\n\n\n\n<p><strong>Final<\/strong><\/p>\n\n\n\n<p>11.12.2022<br>Hel\u00eanico 0x0 Vila Am\u00e9rica (3&#215;2 pen), em Campos<\/p>\n\n\n<div class=\"wp-block-image\">\n<figure class=\"aligncenter size-full is-resized\"><img loading=\"lazy\" decoding=\"async\" src=\"https:\/\/arquivosfutebolbrasil.com.br\/blog\/wp-content\/uploads\/2022\/12\/image-35.png\" alt=\"\" class=\"wp-image-24886\" width=\"126\" height=\"162\" srcset=\"https:\/\/arquivosfutebolbrasil.com.br\/blog\/wp-content\/uploads\/2022\/12\/image-35.png 282w, https:\/\/arquivosfutebolbrasil.com.br\/blog\/wp-content\/uploads\/2022\/12\/image-35-233x300.png 233w\" sizes=\"(max-width: 126px) 100vw, 126px\" \/><\/figure><\/div>\n\n\n<p>Campe\u00e3o &#8211; Hel\u00eanico Futebol Clube (Campos &#8211; RJ)<\/p>\n\n\n\n<p>Fonte: Julio Bovi Diogo<\/p>\n\r\n","protected":false},"excerpt":{"rendered":"<p>Equipes Participantes: Bragantino Futebol Clube (Campos)Hel\u00eanico Futebol Clube (Campos)Pau Ferro Futebol Clube (Campos)Uni\u00e3o Futebol Clube (Campos)Vila Am\u00e9rica Futebol Clube (Campos) 1\u00ba Turno 21.08.2022Pau Ferro 1&#215;1 Hel\u00eanico, em CamposVila Am\u00e9rica 1&#215;0 Uni\u00e3o, em Campos28.08.2022Hel\u00eanico 3&#215;0 Uni\u00e3o, em CamposVila Am\u00e9rica 1&#215;1 Bragantino, em Campos04.09.2022Hel\u00eanico 1&#215;0 Bragantino, em CamposUni\u00e3o 3&#215;0 Pau Ferro, em Campos11.09.2022Hel\u00eanico 1&#215;0 Vila Am\u00e9rica, em [&hellip;]<\/p>\n","protected":false},"author":2,"featured_media":0,"comment_status":"open","ping_status":"open","sticky":false,"template":"","format":"standard","meta":{"footnotes":""},"categories":[48,49,29],"tags":[],"class_list":["post-24885","post","type-post","status-publish","format-standard","hentry","category-campeonatos-historicos","category-futebol-amador-varzeano","category-rio-de-janeiro"],"_links":{"self":[{"href":"https:\/\/arquivosfutebolbrasil.com.br\/blog\/wp-json\/wp\/v2\/posts\/24885"}],"collection":[{"href":"https:\/\/arquivosfutebolbrasil.com.br\/blog\/wp-json\/wp\/v2\/posts"}],"about":[{"href":"https:\/\/arquivosfutebolbrasil.com.br\/blog\/wp-json\/wp\/v2\/types\/post"}],"author":[{"embeddable":true,"href":"https:\/\/arquivosfutebolbrasil.com.br\/blog\/wp-json\/wp\/v2\/users\/2"}],"replies":[{"embeddable":true,"href":"https:\/\/arquivosfutebolbrasil.com.br\/blog\/wp-json\/wp\/v2\/comments?post=24885"}],"version-history":[{"count":1,"href":"https:\/\/arquivosfutebolbrasil.com.br\/blog\/wp-json\/wp\/v2\/posts\/24885\/revisions"}],"predecessor-version":[{"id":24887,"href":"https:\/\/arquivosfutebolbrasil.com.br\/blog\/wp-json\/wp\/v2\/posts\/24885\/revisions\/24887"}],"wp:attachment":[{"href":"https:\/\/arquivosfutebolbrasil.com.br\/blog\/wp-json\/wp\/v2\/media?parent=24885"}],"wp:term":[{"taxonomy":"category","embeddable":true,"href":"https:\/\/arquivosfutebolbrasil.com.br\/blog\/wp-json\/wp\/v2\/categories?post=24885"},{"taxonomy":"post_tag","embeddable":true,"href":"https:\/\/arquivosfutebolbrasil.com.br\/blog\/wp-json\/wp\/v2\/tags?post=24885"}],"curies":[{"name":"wp","href":"https:\/\/api.w.org\/{rel}","templated":true}]}}