{"id":24331,"date":"2022-11-10T18:03:00","date_gmt":"2022-11-10T21:03:00","guid":{"rendered":"https:\/\/arquivosfutebolbrasil.com.br\/blog\/?p=24331"},"modified":"2022-11-04T18:04:47","modified_gmt":"2022-11-04T21:04:47","slug":"taca-cidade-de-sao-luis-ma-1972","status":"publish","type":"post","link":"https:\/\/arquivosfutebolbrasil.com.br\/blog\/2022\/11\/10\/taca-cidade-de-sao-luis-ma-1972\/","title":{"rendered":"Ta\u00e7a Cidade de S\u00e3o Lu\u00eds (MA) &#8211; 1972"},"content":{"rendered":"\n<p><strong>Turno \u00danico<\/strong><\/p>\n\n\n\n<p>05.03.72<br>Moto Clube 2&#215;0 Ferrovi\u00e1rio, em S\u00e3o Lu\u00eds<br>08.03.72<br>Sampaio Corr\u00eaa 5&#215;0 S\u00e3o Jos\u00e9, em S\u00e3o Lu\u00eds<br>12.03.72<br>Moto Clube 1&#215;1 Maranh\u00e3o, em S\u00e3o Lu\u00eds<br>15.03.72<br>Ferrovi\u00e1rio 3&#215;0 S\u00e3o Jos\u00e9, em S\u00e3o Lu\u00eds<br>19.03.72<br>Sampaio Corr\u00eaa 1&#215;0 Ferrovi\u00e1rio, em S\u00e3o Lu\u00eds<br>26.03.72<br>Maranh\u00e3o 1&#215;0 Sampaio Corr\u00eaa, em S\u00e3o Lu\u00eds<br>29.03.72<br>Ferrovi\u00e1rio 2&#215;1 Maranh\u00e3o, em S\u00e3o Lu\u00eds<br>30.03.72<br>Moto Clube 6&#215;0 S\u00e3o Jos\u00e9, em S\u00e3o Lu\u00eds<br>02.04.72<br>Maranh\u00e3o 6&#215;0 S\u00e3o Jos\u00e9, em S\u00e3o Lu\u00eds<br>02.04.72<br>Moto Clube 1&#215;1 Sampaio Corr\u00eaa, em S\u00e3o Lu\u00eds<\/p>\n\n\n<div class=\"wp-block-image\">\n<figure class=\"aligncenter size-full is-resized\"><img loading=\"lazy\" decoding=\"async\" src=\"https:\/\/arquivosfutebolbrasil.com.br\/blog\/wp-content\/uploads\/2022\/11\/image-22.png\" alt=\"\" class=\"wp-image-24332\" width=\"118\" height=\"127\"\/><\/figure><\/div>\n\n\n<p>Campe\u00e3o &#8211; Moto Clube (S\u00e3o Lu\u00eds &#8211; MA)<\/p>\n\n\n\n<p>Fonte: Manoel Raimundo do Amaral e Julio Bovi Diogo<\/p>\n\r\n","protected":false},"excerpt":{"rendered":"<p>Turno \u00danico 05.03.72Moto Clube 2&#215;0 Ferrovi\u00e1rio, em S\u00e3o Lu\u00eds08.03.72Sampaio Corr\u00eaa 5&#215;0 S\u00e3o Jos\u00e9, em S\u00e3o Lu\u00eds12.03.72Moto Clube 1&#215;1 Maranh\u00e3o, em S\u00e3o Lu\u00eds15.03.72Ferrovi\u00e1rio 3&#215;0 S\u00e3o Jos\u00e9, em S\u00e3o Lu\u00eds19.03.72Sampaio Corr\u00eaa 1&#215;0 Ferrovi\u00e1rio, em S\u00e3o Lu\u00eds26.03.72Maranh\u00e3o 1&#215;0 Sampaio Corr\u00eaa, em S\u00e3o Lu\u00eds29.03.72Ferrovi\u00e1rio 2&#215;1 Maranh\u00e3o, em S\u00e3o Lu\u00eds30.03.72Moto Clube 6&#215;0 S\u00e3o Jos\u00e9, em S\u00e3o Lu\u00eds02.04.72Maranh\u00e3o 6&#215;0 S\u00e3o Jos\u00e9, [&hellip;]<\/p>\n","protected":false},"author":2,"featured_media":0,"comment_status":"open","ping_status":"open","sticky":false,"template":"","format":"standard","meta":{"footnotes":""},"categories":[48,20],"tags":[],"class_list":["post-24331","post","type-post","status-publish","format-standard","hentry","category-campeonatos-historicos","category-maranhao"],"_links":{"self":[{"href":"https:\/\/arquivosfutebolbrasil.com.br\/blog\/wp-json\/wp\/v2\/posts\/24331"}],"collection":[{"href":"https:\/\/arquivosfutebolbrasil.com.br\/blog\/wp-json\/wp\/v2\/posts"}],"about":[{"href":"https:\/\/arquivosfutebolbrasil.com.br\/blog\/wp-json\/wp\/v2\/types\/post"}],"author":[{"embeddable":true,"href":"https:\/\/arquivosfutebolbrasil.com.br\/blog\/wp-json\/wp\/v2\/users\/2"}],"replies":[{"embeddable":true,"href":"https:\/\/arquivosfutebolbrasil.com.br\/blog\/wp-json\/wp\/v2\/comments?post=24331"}],"version-history":[{"count":1,"href":"https:\/\/arquivosfutebolbrasil.com.br\/blog\/wp-json\/wp\/v2\/posts\/24331\/revisions"}],"predecessor-version":[{"id":24333,"href":"https:\/\/arquivosfutebolbrasil.com.br\/blog\/wp-json\/wp\/v2\/posts\/24331\/revisions\/24333"}],"wp:attachment":[{"href":"https:\/\/arquivosfutebolbrasil.com.br\/blog\/wp-json\/wp\/v2\/media?parent=24331"}],"wp:term":[{"taxonomy":"category","embeddable":true,"href":"https:\/\/arquivosfutebolbrasil.com.br\/blog\/wp-json\/wp\/v2\/categories?post=24331"},{"taxonomy":"post_tag","embeddable":true,"href":"https:\/\/arquivosfutebolbrasil.com.br\/blog\/wp-json\/wp\/v2\/tags?post=24331"}],"curies":[{"name":"wp","href":"https:\/\/api.w.org\/{rel}","templated":true}]}}