{"id":23548,"date":"2022-07-06T06:09:37","date_gmt":"2022-07-06T09:09:37","guid":{"rendered":"https:\/\/arquivosfutebolbrasil.com.br\/blog\/?p=23548"},"modified":"2022-07-06T06:09:38","modified_gmt":"2022-07-06T09:09:38","slug":"excursao-do-fc-do-porto-portugal-ao-brasil-em-1975","status":"publish","type":"post","link":"https:\/\/arquivosfutebolbrasil.com.br\/blog\/2022\/07\/06\/excursao-do-fc-do-porto-portugal-ao-brasil-em-1975\/","title":{"rendered":"Excurs\u00e3o do FC do Porto (Portugal) ao Brasil em 1975"},"content":{"rendered":"<div class=\"wp-block-image\">\n<figure class=\"aligncenter size-full is-resized\"><img loading=\"lazy\" decoding=\"async\" src=\"https:\/\/arquivosfutebolbrasil.com.br\/blog\/wp-content\/uploads\/2022\/07\/image-18.png\" alt=\"\" class=\"wp-image-23550\" width=\"120\" height=\"163\" srcset=\"https:\/\/arquivosfutebolbrasil.com.br\/blog\/wp-content\/uploads\/2022\/07\/image-18.png 460w, https:\/\/arquivosfutebolbrasil.com.br\/blog\/wp-content\/uploads\/2022\/07\/image-18-221x300.png 221w\" sizes=\"(max-width: 120px) 100vw, 120px\" \/><\/figure><\/div>\n\n\n<p>FC do Porto 0x3 Sele\u00e7\u00e3o Paulista \/ 18.06.1975 \/ Pacaembu, em S\u00e3o Paulo &#8211; SP \/ \u00c1rbitro: Dulc\u00eddio Vanderlei Boschilia \/ Gols: Leivinha, Chic\u00e3o e Gilberto \/ FC do Porto: Tibi; Mursa, Rolando, Gabriel e Leopoldo; Rodolfo (Ceninho) e Peres; Oliveira, Gomes, Cubillas e Teixeira \/ Sele\u00e7\u00e3o Paulista: Valdir Peres; Nelson, Paranhos, Amaral e Gilberto; Chic\u00e3o (Russo) e Pedro Rocha (Murici); Terto, Leivinha (Serginho), Gerald\u00e3o (Ademir da Guia) e Nei<\/p>\n\n\n\n<p>FC do Porto 2&#215;1 Sport (Recife &#8211; PE) \/ 22.06.1975 \/ Ilha do Retiro, em Recife &#8211; PE \/ \u00c1rbitro: Sebasti\u00e3o Rufino \/ Gols: Lu\u00eds Carlos, Julio e Gomes \/ FC do Porto: Tibi; Mursa, Rolando, Gabriel e Leopoldo; Ronaldo e Peres; Julio (Oliveira), Gomes, Cubillas e Ceninho \/ Sport: Tobias; Marcos, Lula, Moreira e Cl\u00e1udio (Luisinho Camargo); Wilson (Patota) e Lu\u00eds Carlos; Edmilson, Garcia (Oliveira), Dario e Peri<\/p>\n\n\n\n<p>FC do Porto 2&#215;2 Vasco da Gama (Rio de Janeiro &#8211; RJ) \/ 25.06.1975 \/ S\u00e3o Janu\u00e1rio, no Rio de Janeiro &#8211; RJ \/ \u00c1rbitro: Jos\u00e9 Aldo Pereira \/ Gols: Edu, Ga\u00facho e J\u00falio (2) \/ FC do Porto: Tibi; Mursa, Rolando, Gabriel e Leopoldo (Teixeira II); Ronaldo e A\u00edlton (Oliveira); Julio, Gomes (Teixeira), Cubillas e Ceninho (Oliveira) \/ Vasco da Gama: Mazzaropi; Paulo C\u00e9sar, Miguel, Ren\u00e9 e Alfinete; Ga\u00facho e Zanata; Carlinhos (Ademir), Edu (Jair Pereira), D\u00e9 e Lu\u00eds Carlos (Galdino)<\/p>\n\n\n\n<p>FC do Porto 1&#215;1 Goytacaz (Campos &#8211; RJ) \/ 26.06.1975 \/ Ary de Oliveira e Souza, em Campos &#8211; RJ \/ \u00c1rbitro: Silvestre Campos Filho \/ Gols: Tuquinha e Gomes \/ FC do Porto: Tibi; Mursa, Rolando, Gabriel e Leopoldo (Teixeira II); Ronaldo e Peres; Julio, Gomes (Teixeira), Cubillas (Rodolfo) e Ceninho \/ Goytacaz: Julinho; Paulo Marcos, Totonho, J\u00falio C\u00e9sar e Ricardo; Batata e Jocimar (Alberis); Piscina, Poxeli, Tuquinha e Chico Maravilha<\/p>\n\n\n\n<p>FC do Porto 0x1 C.R.B. (Macei\u00f3 &#8211; AL) \/ 01.07.1975 \/ Rei Pel\u00e9, em Macei\u00f3 &#8211; AL \/ \u00c1rbitro: Rubens Cerqueira \/ Gol: Roberval \/ FC do Porto: Tibi; Mursa, Rolando, Gabriel e Leopoldo; Ronaldo e Rodolfo (Peres); Julio, Oliveira, Cubillas e Ceninho \/ C.R.B.: C\u00e9sar; Espinosa, Pires, Major e Tinteiro; Le\u00f4nidas e Gilmar; Mica, Roberval, Z\u00e9 Carlos (Tuca) e Fernando Pirulito (Pinga)<\/p>\n\n\n\n<p>FC do Porto 0x2 C.S.A. (Macei\u00f3 &#8211; AL) \/ 03.07.1975 \/ Rei Pel\u00e9, em Macei\u00f3 &#8211; AL \/ \u00c1rbitro: Antonio Morais \/ Gols: Ferreti e Torino \/ FC do Porto: Tibi; Mursa, Rolando, Gabriel e Leopoldo; Ronaldo e Rodolfo; Julio (Teixeira), Oliveira, Cubillas e Ceninho \/ C.S.A.: Rafael; Natal, Z\u00e9 Preta; Rog\u00e9rio e Valdeci; Roberto Menezes (Maur\u00edcio) e Torino (S\u00e9rgio); Jorge Nunes (Soareste); Ferreti (Misso), H\u00e9lio e \u00canio (Jorge Siri)<\/p>\n\n\n\n<p>Fonte: Walter \u00cdris<\/p>\n\r\n","protected":false},"excerpt":{"rendered":"<p>FC do Porto 0x3 Sele\u00e7\u00e3o Paulista \/ 18.06.1975 \/ Pacaembu, em S\u00e3o Paulo &#8211; SP \/ \u00c1rbitro: Dulc\u00eddio Vanderlei Boschilia \/ Gols: Leivinha, Chic\u00e3o e Gilberto \/ FC do Porto: Tibi; Mursa, Rolando, Gabriel e Leopoldo; Rodolfo (Ceninho) e Peres; Oliveira, Gomes, Cubillas e Teixeira \/ Sele\u00e7\u00e3o Paulista: Valdir Peres; Nelson, Paranhos, Amaral e Gilberto; [&hellip;]<\/p>\n","protected":false},"author":2,"featured_media":0,"comment_status":"open","ping_status":"open","sticky":false,"template":"","format":"standard","meta":{"footnotes":""},"categories":[1,42,47,57],"tags":[],"class_list":["post-23548","post","type-post","status-publish","format-standard","hentry","category-brasil","category-jogos-amistosos-internacionais","category-jogos-historicos","category-temporadas"],"_links":{"self":[{"href":"https:\/\/arquivosfutebolbrasil.com.br\/blog\/wp-json\/wp\/v2\/posts\/23548"}],"collection":[{"href":"https:\/\/arquivosfutebolbrasil.com.br\/blog\/wp-json\/wp\/v2\/posts"}],"about":[{"href":"https:\/\/arquivosfutebolbrasil.com.br\/blog\/wp-json\/wp\/v2\/types\/post"}],"author":[{"embeddable":true,"href":"https:\/\/arquivosfutebolbrasil.com.br\/blog\/wp-json\/wp\/v2\/users\/2"}],"replies":[{"embeddable":true,"href":"https:\/\/arquivosfutebolbrasil.com.br\/blog\/wp-json\/wp\/v2\/comments?post=23548"}],"version-history":[{"count":1,"href":"https:\/\/arquivosfutebolbrasil.com.br\/blog\/wp-json\/wp\/v2\/posts\/23548\/revisions"}],"predecessor-version":[{"id":23551,"href":"https:\/\/arquivosfutebolbrasil.com.br\/blog\/wp-json\/wp\/v2\/posts\/23548\/revisions\/23551"}],"wp:attachment":[{"href":"https:\/\/arquivosfutebolbrasil.com.br\/blog\/wp-json\/wp\/v2\/media?parent=23548"}],"wp:term":[{"taxonomy":"category","embeddable":true,"href":"https:\/\/arquivosfutebolbrasil.com.br\/blog\/wp-json\/wp\/v2\/categories?post=23548"},{"taxonomy":"post_tag","embeddable":true,"href":"https:\/\/arquivosfutebolbrasil.com.br\/blog\/wp-json\/wp\/v2\/tags?post=23548"}],"curies":[{"name":"wp","href":"https:\/\/api.w.org\/{rel}","templated":true}]}}