{"id":2341,"date":"2019-11-23T20:03:11","date_gmt":"2019-11-23T23:03:11","guid":{"rendered":"https:\/\/arquivosfutebolbrasil.com.br\/blog\/?p=2341"},"modified":"2019-11-23T20:03:12","modified_gmt":"2019-11-23T23:03:12","slug":"campeonato-citadino-de-itajai-sc-1962","status":"publish","type":"post","link":"https:\/\/arquivosfutebolbrasil.com.br\/blog\/2019\/11\/23\/campeonato-citadino-de-itajai-sc-1962\/","title":{"rendered":"Campeonato Citadino de Itaja\u00ed (SC) &#8211; 1962"},"content":{"rendered":"\n<div class=\"wp-block-image\"><figure class=\"aligncenter\"><img loading=\"lazy\" decoding=\"async\" width=\"260\" height=\"162\" src=\"https:\/\/arquivosfutebolbrasil.com.br\/blog\/wp-content\/uploads\/2019\/11\/2-419.jpg\" alt=\"\" class=\"wp-image-2342\"\/><\/figure><\/div>\n\n\n\n<p><strong>Equipes Participantes:<\/strong><\/p>\n\n\n\n<p>Clube N\u00e1utico Marc\u00edlio Dias (Itaja\u00ed)<br>\nClube N\u00e1utico Almirante Barroso (Itaja\u00ed)<\/p>\n\n\n\n<p><strong>Decis\u00e3o<\/strong><\/p>\n\n\n\n<p>27.05.1962<br>\nMarc\u00edlio Dias 3&#215;1 Almirante Barroso<br>\n03.06.1962<br>\nMarc\u00edlio Dias 1&#215;1 Almirante Barroso    <br>\n01.07.1962<br>\nMarc\u00edlio Dias 2&#215;1 Almirante Barroso    <\/p>\n\n\n\n<p>Campe\u00e3o &#8211; Clube N\u00e1utico Marc\u00edlio Dias (Itaja\u00ed &#8211; SC)<\/p>\n\n\n\n<p>Fonte: Gustavo Melim Gomes<\/p>\n\r\n","protected":false},"excerpt":{"rendered":"<p>Equipes Participantes: Clube N\u00e1utico Marc\u00edlio Dias (Itaja\u00ed) Clube N\u00e1utico Almirante Barroso (Itaja\u00ed) Decis\u00e3o 27.05.1962 Marc\u00edlio Dias 3&#215;1 Almirante Barroso 03.06.1962 Marc\u00edlio Dias 1&#215;1 Almirante Barroso 01.07.1962 Marc\u00edlio Dias 2&#215;1 Almirante Barroso Campe\u00e3o &#8211; Clube N\u00e1utico Marc\u00edlio Dias (Itaja\u00ed &#8211; SC) Fonte: Gustavo Melim Gomes<\/p>\n","protected":false},"author":2,"featured_media":0,"comment_status":"open","ping_status":"open","sticky":false,"template":"","format":"standard","meta":{"footnotes":""},"categories":[48,36],"tags":[],"class_list":["post-2341","post","type-post","status-publish","format-standard","hentry","category-campeonatos-historicos","category-santa-catarina"],"_links":{"self":[{"href":"https:\/\/arquivosfutebolbrasil.com.br\/blog\/wp-json\/wp\/v2\/posts\/2341"}],"collection":[{"href":"https:\/\/arquivosfutebolbrasil.com.br\/blog\/wp-json\/wp\/v2\/posts"}],"about":[{"href":"https:\/\/arquivosfutebolbrasil.com.br\/blog\/wp-json\/wp\/v2\/types\/post"}],"author":[{"embeddable":true,"href":"https:\/\/arquivosfutebolbrasil.com.br\/blog\/wp-json\/wp\/v2\/users\/2"}],"replies":[{"embeddable":true,"href":"https:\/\/arquivosfutebolbrasil.com.br\/blog\/wp-json\/wp\/v2\/comments?post=2341"}],"version-history":[{"count":1,"href":"https:\/\/arquivosfutebolbrasil.com.br\/blog\/wp-json\/wp\/v2\/posts\/2341\/revisions"}],"predecessor-version":[{"id":2343,"href":"https:\/\/arquivosfutebolbrasil.com.br\/blog\/wp-json\/wp\/v2\/posts\/2341\/revisions\/2343"}],"wp:attachment":[{"href":"https:\/\/arquivosfutebolbrasil.com.br\/blog\/wp-json\/wp\/v2\/media?parent=2341"}],"wp:term":[{"taxonomy":"category","embeddable":true,"href":"https:\/\/arquivosfutebolbrasil.com.br\/blog\/wp-json\/wp\/v2\/categories?post=2341"},{"taxonomy":"post_tag","embeddable":true,"href":"https:\/\/arquivosfutebolbrasil.com.br\/blog\/wp-json\/wp\/v2\/tags?post=2341"}],"curies":[{"name":"wp","href":"https:\/\/api.w.org\/{rel}","templated":true}]}}