{"id":23197,"date":"2022-04-20T16:29:50","date_gmt":"2022-04-20T19:29:50","guid":{"rendered":"https:\/\/arquivosfutebolbrasil.com.br\/blog\/?p=23197"},"modified":"2022-04-20T16:29:51","modified_gmt":"2022-04-20T19:29:51","slug":"gremio-esportivo-brasiliense-nucleo-bandeirante-df-temporada-de-1961","status":"publish","type":"post","link":"https:\/\/arquivosfutebolbrasil.com.br\/blog\/2022\/04\/20\/gremio-esportivo-brasiliense-nucleo-bandeirante-df-temporada-de-1961\/","title":{"rendered":"Gr\u00eamio Esportivo Brasiliense (N\u00facleo Bandeirante &#8211; DF) &#8211; Temporada de 1961"},"content":{"rendered":"\n<div class=\"wp-block-image\"><figure class=\"aligncenter size-full is-resized\"><img loading=\"lazy\" decoding=\"async\" src=\"https:\/\/arquivosfutebolbrasil.com.br\/blog\/wp-content\/uploads\/2022\/04\/image-58.png\" alt=\"\" class=\"wp-image-23198\" width=\"163\" height=\"173\"\/><\/figure><\/div>\n\n\n\n<p><strong>Campeonato Brasiliense &#8211; 1960<\/strong><\/p>\n\n\n\n<p>08.01.1961<br>Gr\u00eamio 0x0 Guar\u00e1 (Guar\u00e1 &#8211; DF), no Guar\u00e1 &#8211; DF<br>15.01.1961<br>Gr\u00eamio 2&#215;2 Planalto (Bras\u00edlia &#8211; DF), no N\u00facleo Bandeirante &#8211; DF<br>22.01.1961<br>Gr\u00eamio 2&#215;2 Rabello (Bras\u00edlia &#8211; DF), em Bras\u00edlia &#8211; DF<\/p>\n\n\n\n<p><strong>Campeonato Brasiliense &#8211; 1961<\/strong><\/p>\n\n\n\n<p>16.07.1961<br>Gr\u00eamio 1&#215;1 Rabello (Bras\u00edlia &#8211; DF), em Bras\u00edlia &#8211; DF<br>23.07.1961<br>Gr\u00eamio 0x1 Planalto (Bras\u00edlia &#8211; DF), em Bras\u00edlia &#8211; DF<br>30.07.1961<br>Gr\u00eamio 0x2 Guar\u00e1 (Guar\u00e1 &#8211; DF), no Guar\u00e1 &#8211; DF<br>13.08.1961<br>Gr\u00eamio 3&#215;1 Alvorada (Bras\u00edlia &#8211; DF), em Bras\u00edlia &#8211; DF<br>24.08.1961<br>Gr\u00eamio 0x2 Defel\u00e9 (Bras\u00edlia &#8211; DF), no Guar\u00e1 &#8211; DF<br>03.09.1961<br>Gr\u00eamio 0x2 Nacional (Bras\u00edlia &#8211; DF), no Guar\u00e1 &#8211; DF<br>10.09.1961<br>Gr\u00eamio 1&#215;3 Rabello (Bras\u00edlia &#8211; DF), em Bras\u00edlia &#8211; DF<br>01.10.1961<br>Gr\u00eamio 3&#215;3 Planalto (Bras\u00edlia &#8211; DF), no Guar\u00e1 &#8211; DF<br>08.10.1961<br>Gr\u00eamio 0x1 Guar\u00e1 (Guar\u00e1 &#8211; DF), em Bras\u00edlia &#8211; DF<br>15.10.1961<br>Gr\u00eamio 3&#215;0 Alvorada (Bras\u00edlia &#8211; DF), no Guar\u00e1 &#8211; DF<br>22.10.1961<br>Gr\u00eamio 0x2 Defel\u00ea (Bras\u00edlia &#8211; DF), em Bras\u00edlia &#8211; DF<br>05.11.1961<br>Gr\u00eamio 1&#215;2 Nacional (Bras\u00edlia &#8211; DF), em Bras\u00edlia &#8211; DF<\/p>\n\n\n\n<p><strong>Torneio Paulo de Tarso<\/strong><\/p>\n\n\n\n<p>26.02.1961<br>Gr\u00eamio 4&#215;1 Sobradinho (Sobradinho &#8211; DF), em Bras\u00edlia &#8211; DF<br>05.03.1961<br>Gr\u00eamio 3&#215;1 Planalto (Bras\u00edlia &#8211; DF), em Bras\u00edlia &#8211; DF<br>12.03.1961<br>Gr\u00eamio 1&#215;2 Defel\u00ea (Bras\u00edlia &#8211; DF), em Bras\u00edlia &#8211; DF<br>19.03.1961<br>Gr\u00eamio 1&#215;3 Rabello (Bras\u00edlia &#8211; DF), em Bras\u00edlia &#8211; DF<br>26.03.1961<br>Gr\u00eamio 1&#215;8 Guar\u00e1 (Guar\u00e1 &#8211; DF), em Bras\u00edlia &#8211; DF<\/p>\n\n\n\n<p><strong>Amistoso Nacional<\/strong><\/p>\n\n\n\n<p>25.06.1961<br>Gr\u00eamio 1&#215;1 Sele\u00e7\u00e3o de Paracatu (Paracatu &#8211; MG), em Paracatu &#8211; MG<\/p>\n\n\n\n<p>Fonte: Jos\u00e9 Ricardo Caldas e Almeida<\/p>\n\r\n","protected":false},"excerpt":{"rendered":"<p>Campeonato Brasiliense &#8211; 1960 08.01.1961Gr\u00eamio 0x0 Guar\u00e1 (Guar\u00e1 &#8211; DF), no Guar\u00e1 &#8211; DF15.01.1961Gr\u00eamio 2&#215;2 Planalto (Bras\u00edlia &#8211; DF), no N\u00facleo Bandeirante &#8211; DF22.01.1961Gr\u00eamio 2&#215;2 Rabello (Bras\u00edlia &#8211; DF), em Bras\u00edlia &#8211; DF Campeonato Brasiliense &#8211; 1961 16.07.1961Gr\u00eamio 1&#215;1 Rabello (Bras\u00edlia &#8211; DF), em Bras\u00edlia &#8211; DF23.07.1961Gr\u00eamio 0x1 Planalto (Bras\u00edlia &#8211; DF), em Bras\u00edlia &#8211; [&hellip;]<\/p>\n","protected":false},"author":2,"featured_media":0,"comment_status":"open","ping_status":"open","sticky":false,"template":"","format":"standard","meta":{"footnotes":""},"categories":[48,17,46,47,23,57],"tags":[],"class_list":["post-23197","post","type-post","status-publish","format-standard","hentry","category-campeonatos-historicos","category-distrito-federal-brasilia","category-jogos-amistosos-nacionais","category-jogos-historicos","category-minas-gerais","category-temporadas"],"_links":{"self":[{"href":"https:\/\/arquivosfutebolbrasil.com.br\/blog\/wp-json\/wp\/v2\/posts\/23197"}],"collection":[{"href":"https:\/\/arquivosfutebolbrasil.com.br\/blog\/wp-json\/wp\/v2\/posts"}],"about":[{"href":"https:\/\/arquivosfutebolbrasil.com.br\/blog\/wp-json\/wp\/v2\/types\/post"}],"author":[{"embeddable":true,"href":"https:\/\/arquivosfutebolbrasil.com.br\/blog\/wp-json\/wp\/v2\/users\/2"}],"replies":[{"embeddable":true,"href":"https:\/\/arquivosfutebolbrasil.com.br\/blog\/wp-json\/wp\/v2\/comments?post=23197"}],"version-history":[{"count":1,"href":"https:\/\/arquivosfutebolbrasil.com.br\/blog\/wp-json\/wp\/v2\/posts\/23197\/revisions"}],"predecessor-version":[{"id":23199,"href":"https:\/\/arquivosfutebolbrasil.com.br\/blog\/wp-json\/wp\/v2\/posts\/23197\/revisions\/23199"}],"wp:attachment":[{"href":"https:\/\/arquivosfutebolbrasil.com.br\/blog\/wp-json\/wp\/v2\/media?parent=23197"}],"wp:term":[{"taxonomy":"category","embeddable":true,"href":"https:\/\/arquivosfutebolbrasil.com.br\/blog\/wp-json\/wp\/v2\/categories?post=23197"},{"taxonomy":"post_tag","embeddable":true,"href":"https:\/\/arquivosfutebolbrasil.com.br\/blog\/wp-json\/wp\/v2\/tags?post=23197"}],"curies":[{"name":"wp","href":"https:\/\/api.w.org\/{rel}","templated":true}]}}