{"id":22964,"date":"2022-03-29T20:50:48","date_gmt":"2022-03-29T23:50:48","guid":{"rendered":"https:\/\/arquivosfutebolbrasil.com.br\/blog\/?p=22964"},"modified":"2022-03-29T20:50:49","modified_gmt":"2022-03-29T23:50:49","slug":"excursao-da-selecao-uruguaia-de-veteranos-ao-brasil-em-1935","status":"publish","type":"post","link":"https:\/\/arquivosfutebolbrasil.com.br\/blog\/2022\/03\/29\/excursao-da-selecao-uruguaia-de-veteranos-ao-brasil-em-1935\/","title":{"rendered":"Excurs\u00e3o da Sele\u00e7\u00e3o Uruguaia de Veteranos ao Brasil em 1935"},"content":{"rendered":"\n<p>Em 1935 foi organizada uma excurs\u00e3o da Sele\u00e7\u00e3o do Uruguai de Veteranos, que tinham disputado o Campeonato Sul Americano de 1919. Os orientais disputaram tr\u00eas partidas e foi uma grande festa deixando-se de lado a rivalidade existente entre as duas sele\u00e7\u00f5es.<\/p>\n\n\n\n<p>Esta excurs\u00e3o foi bem organizada, conforme se percebe pela programa\u00e7\u00e3o divulgada em 09 de julho de 1935 nos jornais (respeitando-se a grafia da \u00e9poca):<\/p>\n\n\n\n<p>&#8221; A commiss\u00e3o de veteranos promotora da excurs\u00e3o organizou o seguinte programma de recep\u00e7\u00e3o aos uruguayos:<br>dia 9 &#8211; recep\u00e7\u00e3o em Santos &#8211; passeio \u00e0 praia &#8211; almo\u00e7o, \u00e0s 12 horas, no restaurante Bongiovanni; \u00e0s 14,30 horas, viagem num auto omnibus para S\u00e3o Paulo, onde se hospedar\u00e3o no Grande Hotel da Paz.<br>dia 10 &#8211; descanso.<br>dia 11 &#8211; choppada offerecida pelos srs. Alvares e Peres, propriet\u00e1rios do Caf\u00e9 Guarany.<br>dia 12 &#8211; visita \u00e0 F\u00e1brica Castell\u00f5es; sess\u00e3o de cinema no Odeon.<br>dia 13 &#8211; descanso para o jogo.<br>dia 14 &#8211; jogo contra os paulistas.<br>dia 15 &#8211; visita \u00e0 Cia. Ant\u00e1rctica Paulista.<br>dia 16 &#8211; visita \u00e0 Penitenci\u00e1ria do Estado e, \u00e0 noite, sess\u00e3o de cinema no Alhambra.<br>dia 17 &#8211; descanso.<br>dia 18 &#8211; jogo em Santos.<br>dia 19 &#8211; visita \u00e0 sede do Palestra It\u00e1lia, que offerecer\u00e1 um aperitivo aos uruguayos.<br>dia 20 &#8211; embarque para o Rio de Janeiro, onde jogar\u00e3o contra o Seleccionado Brasileiro de Veteranos.<br>dia 24 &#8211; jogo contra o Seleccionado Brasileiro.<br>dia 27 &#8211; jogo contra o Distrito Federal.<br>dia 28 &#8211; retorno ao Uruguai.&#8221;<\/p>\n\n\n\n<p>Abaixo as fichas t\u00e9cnidas desta partidas:<\/p>\n\n\n\n<p>Sele\u00e7\u00e3o Paulista 1&#215;0 Sele\u00e7\u00e3o do Uruguai \/ Data: 14 de Julho de 1935 \/ Local: Parque S\u00e3o Jorge, em S\u00e3o Paulo \/ \u00c1rbitro: Bianco Spartaco Gambini \/ Gol: Fried \/ Sele\u00e7\u00e3o Paulista: Tuffy; Clodoaldo e Gran\u00e9; Xingo, Amilcar e Abate; Perez, Neco (Fried), Fried (Napoli), Heitor e Rodrigues (Martinelli) \/ Sele\u00e7\u00e3o do Uruguai: Mazzali (Marquez); Urdinaram I e Recoba; Maroche (Silva), Zibechi (Domingues) e Chierra; Urdinaram II, Romano, Scarone, Gradin (Podest\u00e1) e Campolo<\/p>\n\n\n\n<p>Sele\u00e7\u00e3o do Uruguai 3&#215;1 Combinado Santos &#8211; S\u00e3o Paulo \/ Data: 18 de Julho de 1935 \/ Local: Vila Belmiro, em Santos \/ \u00c1rbitro: Alzemiro Ballio \/ Gols: Carbone (2), Urdinaram II e Hugo \/ Combinado: Athi\u00e9; Bilu e David; Abate, Amilcar e Abelha; Omar, Constantino, Fried, Heitor e Hugo \/ Sele\u00e7\u00e3o do Uruguai: Bertoli; Urdinaram I e Recoba; Maroche, Domingues e Silva; Urdinaram II, Romano, Carbone (Scarone), Podest\u00e1 e Campolo<\/p>\n\n\n\n<p>Sele\u00e7\u00e3o Brasileira 2&#215;1 Sele\u00e7\u00e3o do Uruguai \/ Data: 24 de Julho de 1935 \/ Local: General Severiano, no Rio de Janeiro \/ Gols: Nilo, Paschoal e Podest\u00e1 \/ Sele\u00e7\u00e3o Brasileira: Tuffy; Clodoaldo e Gran\u00e9; Alfredo (Tinoco), Xingo e Abate; Paschoal, Nilo, Vinhaes, Heitor e Juca (Alem\u00e3o) \/ Sele\u00e7\u00e3o do Uruguai: Bertoli; Urdinaram I e Recoba; Maroche, Zibechi e Silva; Urdinaram II, Romano (Domingues), Carbone (Scarone), Podest\u00e1 (Gradin) e Campolo<\/p>\n\n\n\n<p>Sele\u00e7\u00e3o Carioca 1&#215;0 Sele\u00e7\u00e3o do Uruguai \/ Data: 27 de Julho de 1935 \/ Local: Laranjeiras, no Rio de Janeiro \/ Gol: Fragoso \/ Sele\u00e7\u00e3o Carioca: Batalha (Joel); Alem\u00e3o e Hildegardo; Herm\u00ednio, Fl\u00e1vio e Pamplona; Newton, Jos\u00e9, Lagarto, Fragoso e Te\u00f3filo \/ Sele\u00e7\u00e3o do Uruguai: Mazzali; Urdinaram I e Recoba; Maroche, Zibechi e Silva; Santos, Urdinaram II, Romano (Scarone), Podest\u00e1 e Campolo<\/p>\n\n\n\n<p>Fonte: Julio Bovi Diogo<\/p>\n\r\n","protected":false},"excerpt":{"rendered":"<p>Em 1935 foi organizada uma excurs\u00e3o da Sele\u00e7\u00e3o do Uruguai de Veteranos, que tinham disputado o Campeonato Sul Americano de 1919. Os orientais disputaram tr\u00eas partidas e foi uma grande festa deixando-se de lado a rivalidade existente entre as duas sele\u00e7\u00f5es. Esta excurs\u00e3o foi bem organizada, conforme se percebe pela programa\u00e7\u00e3o divulgada em 09 de [&hellip;]<\/p>\n","protected":false},"author":2,"featured_media":0,"comment_status":"open","ping_status":"open","sticky":false,"template":"","format":"standard","meta":{"footnotes":""},"categories":[1,41,42,47],"tags":[],"class_list":["post-22964","post","type-post","status-publish","format-standard","hentry","category-brasil","category-curiosidades","category-jogos-amistosos-internacionais","category-jogos-historicos"],"_links":{"self":[{"href":"https:\/\/arquivosfutebolbrasil.com.br\/blog\/wp-json\/wp\/v2\/posts\/22964"}],"collection":[{"href":"https:\/\/arquivosfutebolbrasil.com.br\/blog\/wp-json\/wp\/v2\/posts"}],"about":[{"href":"https:\/\/arquivosfutebolbrasil.com.br\/blog\/wp-json\/wp\/v2\/types\/post"}],"author":[{"embeddable":true,"href":"https:\/\/arquivosfutebolbrasil.com.br\/blog\/wp-json\/wp\/v2\/users\/2"}],"replies":[{"embeddable":true,"href":"https:\/\/arquivosfutebolbrasil.com.br\/blog\/wp-json\/wp\/v2\/comments?post=22964"}],"version-history":[{"count":1,"href":"https:\/\/arquivosfutebolbrasil.com.br\/blog\/wp-json\/wp\/v2\/posts\/22964\/revisions"}],"predecessor-version":[{"id":22965,"href":"https:\/\/arquivosfutebolbrasil.com.br\/blog\/wp-json\/wp\/v2\/posts\/22964\/revisions\/22965"}],"wp:attachment":[{"href":"https:\/\/arquivosfutebolbrasil.com.br\/blog\/wp-json\/wp\/v2\/media?parent=22964"}],"wp:term":[{"taxonomy":"category","embeddable":true,"href":"https:\/\/arquivosfutebolbrasil.com.br\/blog\/wp-json\/wp\/v2\/categories?post=22964"},{"taxonomy":"post_tag","embeddable":true,"href":"https:\/\/arquivosfutebolbrasil.com.br\/blog\/wp-json\/wp\/v2\/tags?post=22964"}],"curies":[{"name":"wp","href":"https:\/\/api.w.org\/{rel}","templated":true}]}}