{"id":22883,"date":"2022-04-03T16:13:00","date_gmt":"2022-04-03T19:13:00","guid":{"rendered":"https:\/\/arquivosfutebolbrasil.com.br\/blog\/?p=22883"},"modified":"2022-03-28T16:20:36","modified_gmt":"2022-03-28T19:20:36","slug":"excursao-internacional-do-gremio-football-porto-alegrense-porto-alegre-rs-em-1953-1954","status":"publish","type":"post","link":"https:\/\/arquivosfutebolbrasil.com.br\/blog\/2022\/04\/03\/excursao-internacional-do-gremio-football-porto-alegrense-porto-alegre-rs-em-1953-1954\/","title":{"rendered":"Excurs\u00e3o Internacional do Gr\u00eamio Football Porto Alegrense (Porto Alegre &#8211; RS) em 1953\/1954"},"content":{"rendered":"\n<div class=\"wp-block-image\"><figure class=\"aligncenter size-full is-resized\"><img loading=\"lazy\" decoding=\"async\" src=\"https:\/\/arquivosfutebolbrasil.com.br\/blog\/wp-content\/uploads\/2022\/03\/image-156.png\" alt=\"\" class=\"wp-image-22884\" width=\"179\" height=\"188\"\/><\/figure><\/div>\n\n\n\n<p>13.12.1953<br>Gr\u00eamio 4&#215;0 Necaxa (M\u00e9xico), na Cidade do M\u00e9xico &#8211; M\u00e9xico<br>16.12.1953<br>Gr\u00eamio 3&#215;1 Marte (M\u00e9xico), na Cidade do M\u00e9xico &#8211; M\u00e9xico<br>20.12.1953<br>Gr\u00eamio 3&#215;3 Sele\u00e7\u00e3o do M\u00e9xico, na Cidade do M\u00e9xico &#8211; M\u00e9xico<br>23.12.1953<br>Gr\u00eamio 3&#215;1 Am\u00e9rica (M\u00e9xico), na Cidade do M\u00e9xico &#8211; M\u00e9xico<br>27.12.1953<br>Gr\u00eamio 2&#215;2 Toluca (M\u00e9xico), em Toluca &#8211; M\u00e9xico<br>30.12.1953<br>Gr\u00eamio 0x1 Atlante (M\u00e9xico), na Cidade do M\u00e9xico &#8211; M\u00e9xico<br>03.01.1954<br>Gr\u00eamio 1&#215;1 Tampico (M\u00e9xico), em Tampico &#8211; M\u00e9xico<br>10.01.1954<br>Gr\u00eamio 0x0 Guadalajara (M\u00e9xico), em Guadalajara &#8211; M\u00e9xico<br>13.01.1954<br>Gr\u00eamio 2&#215;1 Emelec (Equador), em Guaiaquil &#8211; Equador<br>17.01.1954<br>Gr\u00eamio 2&#215;1 Barcelona (Equador), em Guaiaquil &#8211; Equador<br>24.01.1954<br>Gr\u00eamio 1&#215;5 Millon\u00e1rios (Col\u00f4mbia), em Bogot\u00e1 &#8211; Col\u00f4mbia<br>27.01.1954<br>Gr\u00eamio 0x0 Santa F\u00e9 (Col\u00f4mbia), em Bogot\u00e1 &#8211; Col\u00f4mbia<br>31.01.1954<br>Gr\u00eamio 3&#215;3 Rampla Juniors (Uruguai), em Bogot\u00e1 &#8211; Col\u00f4mbia<\/p>\n\n\n\n<p>Fonte: Walter \u00cdris<\/p>\n\r\n","protected":false},"excerpt":{"rendered":"<p>13.12.1953Gr\u00eamio 4&#215;0 Necaxa (M\u00e9xico), na Cidade do M\u00e9xico &#8211; M\u00e9xico16.12.1953Gr\u00eamio 3&#215;1 Marte (M\u00e9xico), na Cidade do M\u00e9xico &#8211; M\u00e9xico20.12.1953Gr\u00eamio 3&#215;3 Sele\u00e7\u00e3o do M\u00e9xico, na Cidade do M\u00e9xico &#8211; M\u00e9xico23.12.1953Gr\u00eamio 3&#215;1 Am\u00e9rica (M\u00e9xico), na Cidade do M\u00e9xico &#8211; M\u00e9xico27.12.1953Gr\u00eamio 2&#215;2 Toluca (M\u00e9xico), em Toluca &#8211; M\u00e9xico30.12.1953Gr\u00eamio 0x1 Atlante (M\u00e9xico), na Cidade do M\u00e9xico &#8211; M\u00e9xico03.01.1954Gr\u00eamio 1&#215;1 [&hellip;]<\/p>\n","protected":false},"author":2,"featured_media":0,"comment_status":"open","ping_status":"open","sticky":false,"template":"","format":"standard","meta":{"footnotes":""},"categories":[42,47,32],"tags":[],"class_list":["post-22883","post","type-post","status-publish","format-standard","hentry","category-jogos-amistosos-internacionais","category-jogos-historicos","category-rio-grande-do-sul"],"_links":{"self":[{"href":"https:\/\/arquivosfutebolbrasil.com.br\/blog\/wp-json\/wp\/v2\/posts\/22883"}],"collection":[{"href":"https:\/\/arquivosfutebolbrasil.com.br\/blog\/wp-json\/wp\/v2\/posts"}],"about":[{"href":"https:\/\/arquivosfutebolbrasil.com.br\/blog\/wp-json\/wp\/v2\/types\/post"}],"author":[{"embeddable":true,"href":"https:\/\/arquivosfutebolbrasil.com.br\/blog\/wp-json\/wp\/v2\/users\/2"}],"replies":[{"embeddable":true,"href":"https:\/\/arquivosfutebolbrasil.com.br\/blog\/wp-json\/wp\/v2\/comments?post=22883"}],"version-history":[{"count":1,"href":"https:\/\/arquivosfutebolbrasil.com.br\/blog\/wp-json\/wp\/v2\/posts\/22883\/revisions"}],"predecessor-version":[{"id":22885,"href":"https:\/\/arquivosfutebolbrasil.com.br\/blog\/wp-json\/wp\/v2\/posts\/22883\/revisions\/22885"}],"wp:attachment":[{"href":"https:\/\/arquivosfutebolbrasil.com.br\/blog\/wp-json\/wp\/v2\/media?parent=22883"}],"wp:term":[{"taxonomy":"category","embeddable":true,"href":"https:\/\/arquivosfutebolbrasil.com.br\/blog\/wp-json\/wp\/v2\/categories?post=22883"},{"taxonomy":"post_tag","embeddable":true,"href":"https:\/\/arquivosfutebolbrasil.com.br\/blog\/wp-json\/wp\/v2\/tags?post=22883"}],"curies":[{"name":"wp","href":"https:\/\/api.w.org\/{rel}","templated":true}]}}