{"id":2280,"date":"2019-11-23T14:29:13","date_gmt":"2019-11-23T17:29:13","guid":{"rendered":"https:\/\/arquivosfutebolbrasil.com.br\/blog\/?p=2280"},"modified":"2019-11-23T14:29:13","modified_gmt":"2019-11-23T17:29:13","slug":"torneio-inicio-roraimense-1971","status":"publish","type":"post","link":"https:\/\/arquivosfutebolbrasil.com.br\/blog\/2019\/11\/23\/torneio-inicio-roraimense-1971\/","title":{"rendered":"Torneio In\u00edcio Roraimense &#8211; 1971"},"content":{"rendered":"\n<p>Data: 24 de Outubro de 1971<br>Local: Est\u00e1dio Jo\u00e3o Mineiro, em Boa Vista \u2013 RR<\/p>\n\n\n\n<p>1\u00ba Jogo \u2013 Bar\u00e9 1&#215;0 S\u00e3o Francisco<br>2\u00ba Jogo \u2013 Sampaio 2&#215;0 N\u00e1utico<br>3\u00ba Jogo \u2013 S\u00e3o Raimundo 0x0 Roraima (2&#215;1 pen)<br>4\u00ba Jogo \u2013 Bar\u00e9 1&#215;0 Sampaio <br>Final \u2013 Bar\u00e9 0x0 S\u00e3o Raimundo (5&#215;4 pen)<\/p>\n\n\n\n<p>Campe\u00e3o \u2013 Bar\u00e9 Esporte Clube (Roraima \u2013 RR)<\/p>\n\n\n\n<p>Fonte: Jornal do Com\u00e9rcio \/ AM<\/p>\n\r\n","protected":false},"excerpt":{"rendered":"<p>Data: 24 de Outubro de 1971Local: Est\u00e1dio Jo\u00e3o Mineiro, em Boa Vista \u2013 RR 1\u00ba Jogo \u2013 Bar\u00e9 1&#215;0 S\u00e3o Francisco2\u00ba Jogo \u2013 Sampaio 2&#215;0 N\u00e1utico3\u00ba Jogo \u2013 S\u00e3o Raimundo 0x0 Roraima (2&#215;1 pen)4\u00ba Jogo \u2013 Bar\u00e9 1&#215;0 Sampaio Final \u2013 Bar\u00e9 0x0 S\u00e3o Raimundo (5&#215;4 pen) Campe\u00e3o \u2013 Bar\u00e9 Esporte Clube (Roraima \u2013 RR) [&hellip;]<\/p>\n","protected":false},"author":2,"featured_media":0,"comment_status":"open","ping_status":"open","sticky":false,"template":"","format":"standard","meta":{"footnotes":""},"categories":[48,34],"tags":[],"class_list":["post-2280","post","type-post","status-publish","format-standard","hentry","category-campeonatos-historicos","category-roraima"],"_links":{"self":[{"href":"https:\/\/arquivosfutebolbrasil.com.br\/blog\/wp-json\/wp\/v2\/posts\/2280"}],"collection":[{"href":"https:\/\/arquivosfutebolbrasil.com.br\/blog\/wp-json\/wp\/v2\/posts"}],"about":[{"href":"https:\/\/arquivosfutebolbrasil.com.br\/blog\/wp-json\/wp\/v2\/types\/post"}],"author":[{"embeddable":true,"href":"https:\/\/arquivosfutebolbrasil.com.br\/blog\/wp-json\/wp\/v2\/users\/2"}],"replies":[{"embeddable":true,"href":"https:\/\/arquivosfutebolbrasil.com.br\/blog\/wp-json\/wp\/v2\/comments?post=2280"}],"version-history":[{"count":1,"href":"https:\/\/arquivosfutebolbrasil.com.br\/blog\/wp-json\/wp\/v2\/posts\/2280\/revisions"}],"predecessor-version":[{"id":2281,"href":"https:\/\/arquivosfutebolbrasil.com.br\/blog\/wp-json\/wp\/v2\/posts\/2280\/revisions\/2281"}],"wp:attachment":[{"href":"https:\/\/arquivosfutebolbrasil.com.br\/blog\/wp-json\/wp\/v2\/media?parent=2280"}],"wp:term":[{"taxonomy":"category","embeddable":true,"href":"https:\/\/arquivosfutebolbrasil.com.br\/blog\/wp-json\/wp\/v2\/categories?post=2280"},{"taxonomy":"post_tag","embeddable":true,"href":"https:\/\/arquivosfutebolbrasil.com.br\/blog\/wp-json\/wp\/v2\/tags?post=2280"}],"curies":[{"name":"wp","href":"https:\/\/api.w.org\/{rel}","templated":true}]}}