{"id":22691,"date":"2022-03-31T11:36:00","date_gmt":"2022-03-31T14:36:00","guid":{"rendered":"https:\/\/arquivosfutebolbrasil.com.br\/blog\/?p=22691"},"modified":"2022-03-22T11:37:43","modified_gmt":"2022-03-22T14:37:43","slug":"clubes-de-santa-catarina-associacao-atletica-costeira-esporte-clube-garopaba","status":"publish","type":"post","link":"https:\/\/arquivosfutebolbrasil.com.br\/blog\/2022\/03\/31\/clubes-de-santa-catarina-associacao-atletica-costeira-esporte-clube-garopaba\/","title":{"rendered":"Clubes de Santa Catarina &#8211; Associa\u00e7\u00e3o Atl\u00e9tica Costeira Esporte Clube (Garopaba)"},"content":{"rendered":"\n<figure class=\"wp-block-image size-full\"><img loading=\"lazy\" decoding=\"async\" width=\"773\" height=\"394\" src=\"https:\/\/arquivosfutebolbrasil.com.br\/blog\/wp-content\/uploads\/2022\/03\/image-98.png\" alt=\"\" class=\"wp-image-22692\" srcset=\"https:\/\/arquivosfutebolbrasil.com.br\/blog\/wp-content\/uploads\/2022\/03\/image-98.png 773w, https:\/\/arquivosfutebolbrasil.com.br\/blog\/wp-content\/uploads\/2022\/03\/image-98-300x153.png 300w, https:\/\/arquivosfutebolbrasil.com.br\/blog\/wp-content\/uploads\/2022\/03\/image-98-768x391.png 768w\" sizes=\"(max-width: 773px) 100vw, 773px\" \/><\/figure>\n\r\n","protected":false},"excerpt":{"rendered":"","protected":false},"author":2,"featured_media":0,"comment_status":"open","ping_status":"open","sticky":false,"template":"","format":"standard","meta":{"footnotes":""},"categories":[55,39,36],"tags":[],"class_list":["post-22691","post","type-post","status-publish","format-standard","hentry","category-clubes-de-futebol","category-escudos","category-santa-catarina"],"_links":{"self":[{"href":"https:\/\/arquivosfutebolbrasil.com.br\/blog\/wp-json\/wp\/v2\/posts\/22691"}],"collection":[{"href":"https:\/\/arquivosfutebolbrasil.com.br\/blog\/wp-json\/wp\/v2\/posts"}],"about":[{"href":"https:\/\/arquivosfutebolbrasil.com.br\/blog\/wp-json\/wp\/v2\/types\/post"}],"author":[{"embeddable":true,"href":"https:\/\/arquivosfutebolbrasil.com.br\/blog\/wp-json\/wp\/v2\/users\/2"}],"replies":[{"embeddable":true,"href":"https:\/\/arquivosfutebolbrasil.com.br\/blog\/wp-json\/wp\/v2\/comments?post=22691"}],"version-history":[{"count":1,"href":"https:\/\/arquivosfutebolbrasil.com.br\/blog\/wp-json\/wp\/v2\/posts\/22691\/revisions"}],"predecessor-version":[{"id":22693,"href":"https:\/\/arquivosfutebolbrasil.com.br\/blog\/wp-json\/wp\/v2\/posts\/22691\/revisions\/22693"}],"wp:attachment":[{"href":"https:\/\/arquivosfutebolbrasil.com.br\/blog\/wp-json\/wp\/v2\/media?parent=22691"}],"wp:term":[{"taxonomy":"category","embeddable":true,"href":"https:\/\/arquivosfutebolbrasil.com.br\/blog\/wp-json\/wp\/v2\/categories?post=22691"},{"taxonomy":"post_tag","embeddable":true,"href":"https:\/\/arquivosfutebolbrasil.com.br\/blog\/wp-json\/wp\/v2\/tags?post=22691"}],"curies":[{"name":"wp","href":"https:\/\/api.w.org\/{rel}","templated":true}]}}