{"id":22626,"date":"2022-03-31T06:24:00","date_gmt":"2022-03-31T09:24:00","guid":{"rendered":"https:\/\/arquivosfutebolbrasil.com.br\/blog\/?p=22626"},"modified":"2022-03-21T06:25:54","modified_gmt":"2022-03-21T09:25:54","slug":"campeonato-paranaense-de-juvenis-1969","status":"publish","type":"post","link":"https:\/\/arquivosfutebolbrasil.com.br\/blog\/2022\/03\/31\/campeonato-paranaense-de-juvenis-1969\/","title":{"rendered":"Campeonato Paranaense de Juvenis \u2013 1969"},"content":{"rendered":"\n<p>1<strong>\u00ba Turno<\/strong><\/p>\n\n\n\n<p>09.03.1969<br>Juventus 2&#215;1 Brit\u00e2nia<br>\u00c1gua Verde 0x0 Palestra It\u00e1lia<br>16.03.1969<br>Brit\u00e2nia 3&#215;2 Primavera<br>Ferrovi\u00e1rio 4&#215;2 Atl\u00e9tico<br>23.03.1969<br>Primavera 7&#215;3 Palestra It\u00e1lia<br>Atl\u00e9tico 3&#215;2 \u00c1gua Verde<br>Coritiba 2&#215;1 Juventus<br>30.03.1969<br>Ferrovi\u00e1rio 5&#215;2 Coritiba<br>Primavera 4&#215;2 \u00c1gua Verde<br>Juventus 4&#215;0 Palestra It\u00e1lia<br>06.04.1969<br>Coritiba 6&#215;0 Primavera<br>Ferrovi\u00e1rio 1&#215;0 Juventus<br>Brit\u00e2nia 3&#215;0 Atl\u00e9tico<br>13.04.1969<br>Coritiba 3&#215;0 \u00c1gua Verde<br>Palestra It\u00e1lia 1&#215;0 Atl\u00e9tico<br>Ferrovi\u00e1rio 4&#215;0 Primavera<br>20.04.1969<br>Coritiba 2&#215;1 Atl\u00e9tico<br>Juventus 5&#215;1 \u00c1gua Verde<br>Ferrovi\u00e1rio 1&#215;0 Palestra It\u00e1lia<br>27.04.1969<br>Coritiba 1&#215;0 Brit\u00e2nia<br>Atl\u00e9tico 4&#215;4 Juventus<br>01.05.1969<br>Brit\u00e2nia 2&#215;1 \u00c1gua Verde<br>05.05.1969<br>Coritiba 3&#215;2 Palestra It\u00e1lia<br>Primavera 1&#215;1 Juventus<br>Brit\u00e2nia 1&#215;0 Ferrovi\u00e1rio<br>12.05.1969<br>\u00c1gua Verde 3&#215;1 Ferrovi\u00e1rio<br>Atl\u00e9tico 2&#215;2 Primavera<br>Brit\u00e2nia 1&#215;0 Palestra It\u00e1lia<\/p>\n\n\n\n<p><strong>2\u00ba Turno<\/strong><\/p>\n\n\n\n<p>19.05.1969<br>Ferrovi\u00e1rio 1&#215;0 Coritiba<br>Juventus 2&#215;1 Palestra It\u00e1lia<br>26.05.1969<br>Brit\u00e2nia 3&#215;1 Atl\u00e9tico<br>Juventus 0x0 Coritiba<br>Primavera 5&#215;2 Palestra It\u00e1lia<br>01.06.1969<br>Palestra It\u00e1lia 1&#215;1 Coritiba<br>02.06.1969<br>Brit\u00e2nia 1&#215;1 Ferrovi\u00e1rio<br>Atl\u00e9tico 0x0 Juventus<br>08.06.1969<br>Primavera 1&#215;0 Atl\u00e9tico<br>09.06.1969<br>Ferrovi\u00e1rio 4&#215;2 \u00c1gua Verde<br>Brit\u00e2nia 1&#215;0 Coritiba<br>15.06.1969<br>Primavera 4&#215;1 Juventus<br>16.06.1969<br>Ferrovi\u00e1rio 6&#215;1 Atl\u00e9tico<br>Brit\u00e2nia 3&#215;0 \u00c1gua Verde<br>28.06.1969<br>\u00c1gua Verde 0x0 Primavera<br>29.06.1969<br>Brit\u00e2nia 4&#215;1 Palestra It\u00e1lia<br>30.06.1969<br>Ferrovi\u00e1rio 2&#215;1 Juventus<br>06.07.1969<br>Ferrovi\u00e1rio 6&#215;0 Palestra It\u00e1lia<br>Primavera 0x0 Coritiba<br>Juventus 2&#215;1 \u00c1gua Verde<br>13.07.1969<br>\u00c1gua Verde 2&#215;1 Coritiba<br>Ferrovi\u00e1rio 4&#215;0 Primavera<br>Atl\u00e9tico 2&#215;2 Palestra It\u00e1lia<br>20.07.1969<br>Brit\u00e2nia 2&#215;0 Primavera<br>02.08.1969<br>Brit\u00e2nia 4&#215;0 Juventus<\/p>\n\n\n\n<p>Atl\u00e9tico x \u00c1gua Verde (cancelado)<br>\u00c1gua Verde x Palestra It\u00e1lia (cancelado)<br>Atl\u00e9tico x Coritiba (cancelado)<\/p>\n\n\n\n<pre class=\"wp-block-code\"><code>            J   V   E   D   GF  GC  PG<\/code><\/pre>\n\n\n\n<p>01\u00ba Ferrovi\u00e1rio 14 11 01 02 40 13 23<br>02\u00ba Brit\u00e2nia 14 11 01 02 29 09 23<br>03\u00ba Coritiba 13 06 03 04 21 14 15<br>04\u00ba Juventus 14 05 04 05 23 22 14<br>05\u00ba Primavera 14 05 04 05 26 30 14<br>06\u00ba \u00c1gua Verde 12 02 02 08 14 28 06<br>07\u00ba Atl\u00e9tico 12 01 04 07 16 30 06<br>08\u00ba Palestra It\u00e1lia 13 01 03 09 13 36 05<\/p>\n\n\n\n<p><strong>Final<\/strong><\/p>\n\n\n\n<p>16.08.1969<br>Ferrovi\u00e1rio 2&#215;0 Brit\u00e2nia<br>23.08.1969<br>Ferrovi\u00e1rio 4&#215;1 Brit\u00e2nia<\/p>\n\n\n\n<div class=\"wp-block-image\"><figure class=\"aligncenter size-full is-resized\"><img loading=\"lazy\" decoding=\"async\" src=\"https:\/\/arquivosfutebolbrasil.com.br\/blog\/wp-content\/uploads\/2022\/03\/image-78.png\" alt=\"\" class=\"wp-image-22627\" width=\"123\" height=\"130\"\/><\/figure><\/div>\n\n\n\n<p>Campe\u00e3o &#8211; Clube Atl\u00e9tico Ferrovi\u00e1rio (Curitiba &#8211; PR)<\/p>\n\n\n\n<p>Fonte: Levi Mulford Chrestenzen<\/p>\n\r\n","protected":false},"excerpt":{"rendered":"<p>1\u00ba Turno 09.03.1969Juventus 2&#215;1 Brit\u00e2nia\u00c1gua Verde 0x0 Palestra It\u00e1lia16.03.1969Brit\u00e2nia 3&#215;2 PrimaveraFerrovi\u00e1rio 4&#215;2 Atl\u00e9tico23.03.1969Primavera 7&#215;3 Palestra It\u00e1liaAtl\u00e9tico 3&#215;2 \u00c1gua VerdeCoritiba 2&#215;1 Juventus30.03.1969Ferrovi\u00e1rio 5&#215;2 CoritibaPrimavera 4&#215;2 \u00c1gua VerdeJuventus 4&#215;0 Palestra It\u00e1lia06.04.1969Coritiba 6&#215;0 PrimaveraFerrovi\u00e1rio 1&#215;0 JuventusBrit\u00e2nia 3&#215;0 Atl\u00e9tico13.04.1969Coritiba 3&#215;0 \u00c1gua VerdePalestra It\u00e1lia 1&#215;0 Atl\u00e9ticoFerrovi\u00e1rio 4&#215;0 Primavera20.04.1969Coritiba 2&#215;1 Atl\u00e9ticoJuventus 5&#215;1 \u00c1gua VerdeFerrovi\u00e1rio 1&#215;0 Palestra It\u00e1lia27.04.1969Coritiba 1&#215;0 Brit\u00e2niaAtl\u00e9tico 4&#215;4 Juventus01.05.1969Brit\u00e2nia [&hellip;]<\/p>\n","protected":false},"author":2,"featured_media":0,"comment_status":"open","ping_status":"open","sticky":false,"template":"","format":"standard","meta":{"footnotes":""},"categories":[48,56,25],"tags":[],"class_list":["post-22626","post","type-post","status-publish","format-standard","hentry","category-campeonatos-historicos","category-futebol-categorias-de-base","category-parana"],"_links":{"self":[{"href":"https:\/\/arquivosfutebolbrasil.com.br\/blog\/wp-json\/wp\/v2\/posts\/22626"}],"collection":[{"href":"https:\/\/arquivosfutebolbrasil.com.br\/blog\/wp-json\/wp\/v2\/posts"}],"about":[{"href":"https:\/\/arquivosfutebolbrasil.com.br\/blog\/wp-json\/wp\/v2\/types\/post"}],"author":[{"embeddable":true,"href":"https:\/\/arquivosfutebolbrasil.com.br\/blog\/wp-json\/wp\/v2\/users\/2"}],"replies":[{"embeddable":true,"href":"https:\/\/arquivosfutebolbrasil.com.br\/blog\/wp-json\/wp\/v2\/comments?post=22626"}],"version-history":[{"count":1,"href":"https:\/\/arquivosfutebolbrasil.com.br\/blog\/wp-json\/wp\/v2\/posts\/22626\/revisions"}],"predecessor-version":[{"id":22628,"href":"https:\/\/arquivosfutebolbrasil.com.br\/blog\/wp-json\/wp\/v2\/posts\/22626\/revisions\/22628"}],"wp:attachment":[{"href":"https:\/\/arquivosfutebolbrasil.com.br\/blog\/wp-json\/wp\/v2\/media?parent=22626"}],"wp:term":[{"taxonomy":"category","embeddable":true,"href":"https:\/\/arquivosfutebolbrasil.com.br\/blog\/wp-json\/wp\/v2\/categories?post=22626"},{"taxonomy":"post_tag","embeddable":true,"href":"https:\/\/arquivosfutebolbrasil.com.br\/blog\/wp-json\/wp\/v2\/tags?post=22626"}],"curies":[{"name":"wp","href":"https:\/\/api.w.org\/{rel}","templated":true}]}}