{"id":22452,"date":"2022-03-13T08:04:59","date_gmt":"2022-03-13T11:04:59","guid":{"rendered":"https:\/\/arquivosfutebolbrasil.com.br\/blog\/?p=22452"},"modified":"2022-03-13T08:05:00","modified_gmt":"2022-03-13T11:05:00","slug":"festival-do-clube-recreativo-continental-sao-vicente-sp-em-1970","status":"publish","type":"post","link":"https:\/\/arquivosfutebolbrasil.com.br\/blog\/2022\/03\/13\/festival-do-clube-recreativo-continental-sao-vicente-sp-em-1970\/","title":{"rendered":"Festival do Clube Recreativo Continental (S\u00e3o Vicente \u2013 SP) em 1970"},"content":{"rendered":"\n<div class=\"wp-block-image\"><figure class=\"aligncenter size-full is-resized\"><img loading=\"lazy\" decoding=\"async\" src=\"https:\/\/arquivosfutebolbrasil.com.br\/blog\/wp-content\/uploads\/2022\/03\/image-22.png\" alt=\"\" class=\"wp-image-22453\" width=\"153\" height=\"154\" srcset=\"https:\/\/arquivosfutebolbrasil.com.br\/blog\/wp-content\/uploads\/2022\/03\/image-22.png 278w, https:\/\/arquivosfutebolbrasil.com.br\/blog\/wp-content\/uploads\/2022\/03\/image-22-150x150.png 150w\" sizes=\"(max-width: 153px) 100vw, 153px\" \/><\/figure><\/div>\n\n\n\n<p>Em comemora\u00e7\u00e3o ao 17\u00ba Anivers\u00e1rio de funda\u00e7\u00e3o do clube<br><br>Data: 15 de Fevereiro de 1970<br>Local: Est\u00e1dio Mansueto Pierotti, em S\u00e3o Vicente &#8211; SP<br><br>Infantil &#8211; Itarar\u00e9 (S\u00e3o Vicente) 3&#215;1 Vila Melo (S\u00e3o Vicente)<br><br>Veteranos &#8211; Continental (S\u00e3o Vicente) 4&#215;1 Itarar\u00e9 (S\u00e3o Vicente)<br><br>Aspirantes &#8211; Usina (Cubat\u00e3o) 2&#215;1 Continental (S\u00e3o Vicente)<br><br>Principal &#8211; S\u00e3o Vicente (S\u00e3o Vicente) 4&#215;3 Portu\u00e1rios (Santos)<br><br>Principal &#8211; Usina (Cubat\u00e3o) 3&#215;1 Continental (S\u00e3o Vicente)<br><br>Fonte: Arquivos do Autor<\/p>\n\r\n","protected":false},"excerpt":{"rendered":"<p>Em comemora\u00e7\u00e3o ao 17\u00ba Anivers\u00e1rio de funda\u00e7\u00e3o do clube Data: 15 de Fevereiro de 1970Local: Est\u00e1dio Mansueto Pierotti, em S\u00e3o Vicente &#8211; SP Infantil &#8211; Itarar\u00e9 (S\u00e3o Vicente) 3&#215;1 Vila Melo (S\u00e3o Vicente) Veteranos &#8211; Continental (S\u00e3o Vicente) 4&#215;1 Itarar\u00e9 (S\u00e3o Vicente) Aspirantes &#8211; Usina (Cubat\u00e3o) 2&#215;1 Continental (S\u00e3o Vicente) Principal &#8211; S\u00e3o Vicente (S\u00e3o [&hellip;]<\/p>\n","protected":false},"author":2,"featured_media":0,"comment_status":"open","ping_status":"open","sticky":false,"template":"","format":"standard","meta":{"footnotes":""},"categories":[49,46,47,35],"tags":[],"class_list":["post-22452","post","type-post","status-publish","format-standard","hentry","category-futebol-amador-varzeano","category-jogos-amistosos-nacionais","category-jogos-historicos","category-sao-paulo"],"_links":{"self":[{"href":"https:\/\/arquivosfutebolbrasil.com.br\/blog\/wp-json\/wp\/v2\/posts\/22452"}],"collection":[{"href":"https:\/\/arquivosfutebolbrasil.com.br\/blog\/wp-json\/wp\/v2\/posts"}],"about":[{"href":"https:\/\/arquivosfutebolbrasil.com.br\/blog\/wp-json\/wp\/v2\/types\/post"}],"author":[{"embeddable":true,"href":"https:\/\/arquivosfutebolbrasil.com.br\/blog\/wp-json\/wp\/v2\/users\/2"}],"replies":[{"embeddable":true,"href":"https:\/\/arquivosfutebolbrasil.com.br\/blog\/wp-json\/wp\/v2\/comments?post=22452"}],"version-history":[{"count":1,"href":"https:\/\/arquivosfutebolbrasil.com.br\/blog\/wp-json\/wp\/v2\/posts\/22452\/revisions"}],"predecessor-version":[{"id":22454,"href":"https:\/\/arquivosfutebolbrasil.com.br\/blog\/wp-json\/wp\/v2\/posts\/22452\/revisions\/22454"}],"wp:attachment":[{"href":"https:\/\/arquivosfutebolbrasil.com.br\/blog\/wp-json\/wp\/v2\/media?parent=22452"}],"wp:term":[{"taxonomy":"category","embeddable":true,"href":"https:\/\/arquivosfutebolbrasil.com.br\/blog\/wp-json\/wp\/v2\/categories?post=22452"},{"taxonomy":"post_tag","embeddable":true,"href":"https:\/\/arquivosfutebolbrasil.com.br\/blog\/wp-json\/wp\/v2\/tags?post=22452"}],"curies":[{"name":"wp","href":"https:\/\/api.w.org\/{rel}","templated":true}]}}