{"id":22333,"date":"2022-02-28T06:13:00","date_gmt":"2022-02-28T09:13:00","guid":{"rendered":"https:\/\/arquivosfutebolbrasil.com.br\/blog\/?p=22333"},"modified":"2022-02-25T06:14:07","modified_gmt":"2022-02-25T09:14:07","slug":"torneio-inicio-paranaense-juvenil-1933","status":"publish","type":"post","link":"https:\/\/arquivosfutebolbrasil.com.br\/blog\/2022\/02\/28\/torneio-inicio-paranaense-juvenil-1933\/","title":{"rendered":"Torneio In\u00edcio Paranaense &#8211; Juvenil &#8211; 1933"},"content":{"rendered":"\n<p>Data: 04 de junho de 1933<br>Local: Est\u00e1dio Belfort Duarte, em Curitiba &#8211; PR<\/p>\n\n\n\n<p>1\u00ba jogo &#8211; Atl\u00e9tico 1&#215;0 Brit\u00e2nia<br>2\u00ba jogo &#8211; Ferrovi\u00e1rio 1&#215;0 Palestra It\u00e1lia<br>3\u00ba jogo &#8211; Coritiba 3&#215;0 Atl\u00e9tico<br>Final &#8211; Coritiba 2&#215;0 Ferrovi\u00e1rio<\/p>\n\n\n\n<p>Campe\u00e3o &#8211; Coritiba Football Club (Curitiba &#8211; PR)<\/p>\n\n\n\n<p>Fonte: Levi Mulford Chrestenzen<\/p>\n\r\n","protected":false},"excerpt":{"rendered":"<p>Data: 04 de junho de 1933Local: Est\u00e1dio Belfort Duarte, em Curitiba &#8211; PR 1\u00ba jogo &#8211; Atl\u00e9tico 1&#215;0 Brit\u00e2nia2\u00ba jogo &#8211; Ferrovi\u00e1rio 1&#215;0 Palestra It\u00e1lia3\u00ba jogo &#8211; Coritiba 3&#215;0 Atl\u00e9ticoFinal &#8211; Coritiba 2&#215;0 Ferrovi\u00e1rio Campe\u00e3o &#8211; Coritiba Football Club (Curitiba &#8211; PR) Fonte: Levi Mulford Chrestenzen<\/p>\n","protected":false},"author":2,"featured_media":0,"comment_status":"open","ping_status":"open","sticky":false,"template":"","format":"standard","meta":{"footnotes":""},"categories":[48,25],"tags":[],"class_list":["post-22333","post","type-post","status-publish","format-standard","hentry","category-campeonatos-historicos","category-parana"],"_links":{"self":[{"href":"https:\/\/arquivosfutebolbrasil.com.br\/blog\/wp-json\/wp\/v2\/posts\/22333"}],"collection":[{"href":"https:\/\/arquivosfutebolbrasil.com.br\/blog\/wp-json\/wp\/v2\/posts"}],"about":[{"href":"https:\/\/arquivosfutebolbrasil.com.br\/blog\/wp-json\/wp\/v2\/types\/post"}],"author":[{"embeddable":true,"href":"https:\/\/arquivosfutebolbrasil.com.br\/blog\/wp-json\/wp\/v2\/users\/2"}],"replies":[{"embeddable":true,"href":"https:\/\/arquivosfutebolbrasil.com.br\/blog\/wp-json\/wp\/v2\/comments?post=22333"}],"version-history":[{"count":1,"href":"https:\/\/arquivosfutebolbrasil.com.br\/blog\/wp-json\/wp\/v2\/posts\/22333\/revisions"}],"predecessor-version":[{"id":22334,"href":"https:\/\/arquivosfutebolbrasil.com.br\/blog\/wp-json\/wp\/v2\/posts\/22333\/revisions\/22334"}],"wp:attachment":[{"href":"https:\/\/arquivosfutebolbrasil.com.br\/blog\/wp-json\/wp\/v2\/media?parent=22333"}],"wp:term":[{"taxonomy":"category","embeddable":true,"href":"https:\/\/arquivosfutebolbrasil.com.br\/blog\/wp-json\/wp\/v2\/categories?post=22333"},{"taxonomy":"post_tag","embeddable":true,"href":"https:\/\/arquivosfutebolbrasil.com.br\/blog\/wp-json\/wp\/v2\/tags?post=22333"}],"curies":[{"name":"wp","href":"https:\/\/api.w.org\/{rel}","templated":true}]}}