{"id":22209,"date":"2022-02-20T07:34:08","date_gmt":"2022-02-20T10:34:08","guid":{"rendered":"https:\/\/arquivosfutebolbrasil.com.br\/blog\/?p=22209"},"modified":"2022-02-20T07:34:10","modified_gmt":"2022-02-20T10:34:10","slug":"clubes-de-sao-paulo-sociedade-esportiva-e-recreativa-vila-anastacio-sao-paulo","status":"publish","type":"post","link":"https:\/\/arquivosfutebolbrasil.com.br\/blog\/2022\/02\/20\/clubes-de-sao-paulo-sociedade-esportiva-e-recreativa-vila-anastacio-sao-paulo\/","title":{"rendered":"Clubes de S\u00e3o Paulo &#8211; Sociedade Esportiva e Recreativa Vila Anast\u00e1cio (S\u00e3o Paulo)"},"content":{"rendered":"\n<figure class=\"wp-block-image size-full\"><img loading=\"lazy\" decoding=\"async\" width=\"781\" height=\"394\" src=\"https:\/\/arquivosfutebolbrasil.com.br\/blog\/wp-content\/uploads\/2022\/02\/image-47.png\" alt=\"\" class=\"wp-image-22210\" srcset=\"https:\/\/arquivosfutebolbrasil.com.br\/blog\/wp-content\/uploads\/2022\/02\/image-47.png 781w, https:\/\/arquivosfutebolbrasil.com.br\/blog\/wp-content\/uploads\/2022\/02\/image-47-300x151.png 300w, https:\/\/arquivosfutebolbrasil.com.br\/blog\/wp-content\/uploads\/2022\/02\/image-47-768x387.png 768w\" sizes=\"(max-width: 781px) 100vw, 781px\" \/><\/figure>\n\r\n","protected":false},"excerpt":{"rendered":"","protected":false},"author":2,"featured_media":0,"comment_status":"open","ping_status":"open","sticky":false,"template":"","format":"standard","meta":{"footnotes":""},"categories":[55,39,35],"tags":[],"class_list":["post-22209","post","type-post","status-publish","format-standard","hentry","category-clubes-de-futebol","category-escudos","category-sao-paulo"],"_links":{"self":[{"href":"https:\/\/arquivosfutebolbrasil.com.br\/blog\/wp-json\/wp\/v2\/posts\/22209"}],"collection":[{"href":"https:\/\/arquivosfutebolbrasil.com.br\/blog\/wp-json\/wp\/v2\/posts"}],"about":[{"href":"https:\/\/arquivosfutebolbrasil.com.br\/blog\/wp-json\/wp\/v2\/types\/post"}],"author":[{"embeddable":true,"href":"https:\/\/arquivosfutebolbrasil.com.br\/blog\/wp-json\/wp\/v2\/users\/2"}],"replies":[{"embeddable":true,"href":"https:\/\/arquivosfutebolbrasil.com.br\/blog\/wp-json\/wp\/v2\/comments?post=22209"}],"version-history":[{"count":1,"href":"https:\/\/arquivosfutebolbrasil.com.br\/blog\/wp-json\/wp\/v2\/posts\/22209\/revisions"}],"predecessor-version":[{"id":22211,"href":"https:\/\/arquivosfutebolbrasil.com.br\/blog\/wp-json\/wp\/v2\/posts\/22209\/revisions\/22211"}],"wp:attachment":[{"href":"https:\/\/arquivosfutebolbrasil.com.br\/blog\/wp-json\/wp\/v2\/media?parent=22209"}],"wp:term":[{"taxonomy":"category","embeddable":true,"href":"https:\/\/arquivosfutebolbrasil.com.br\/blog\/wp-json\/wp\/v2\/categories?post=22209"},{"taxonomy":"post_tag","embeddable":true,"href":"https:\/\/arquivosfutebolbrasil.com.br\/blog\/wp-json\/wp\/v2\/tags?post=22209"}],"curies":[{"name":"wp","href":"https:\/\/api.w.org\/{rel}","templated":true}]}}