{"id":21950,"date":"2021-12-20T20:33:34","date_gmt":"2021-12-20T23:33:34","guid":{"rendered":"https:\/\/arquivosfutebolbrasil.com.br\/blog\/?p=21950"},"modified":"2021-12-20T20:33:36","modified_gmt":"2021-12-20T23:33:36","slug":"gremio-esportivo-juventude-guapore-rs-temporada-oficial-de-1983","status":"publish","type":"post","link":"https:\/\/arquivosfutebolbrasil.com.br\/blog\/2021\/12\/20\/gremio-esportivo-juventude-guapore-rs-temporada-oficial-de-1983\/","title":{"rendered":"Gr\u00eamio Esportivo Juventude (Guapor\u00e9 &#8211; RS) &#8211; Temporada Oficial de 1983"},"content":{"rendered":"\n<div class=\"wp-block-image\"><figure class=\"aligncenter size-full\"><img loading=\"lazy\" decoding=\"async\" width=\"709\" height=\"573\" src=\"https:\/\/arquivosfutebolbrasil.com.br\/blog\/wp-content\/uploads\/2021\/12\/image-165.png\" alt=\"\" class=\"wp-image-21951\" srcset=\"https:\/\/arquivosfutebolbrasil.com.br\/blog\/wp-content\/uploads\/2021\/12\/image-165.png 709w, https:\/\/arquivosfutebolbrasil.com.br\/blog\/wp-content\/uploads\/2021\/12\/image-165-300x242.png 300w\" sizes=\"(max-width: 709px) 100vw, 709px\" \/><\/figure><\/div>\n\n\n\n<p><strong>Campeonato Ga\u00facho &#8211; 2\u00aa Divis\u00e3o<\/strong><\/p>\n\n\n\n<p>17.04.1983<br>Juventude 0x1 Igrejinha (Igrejinha), em Guapor\u00e9<br>23.04.1983<br>Juventude 0x3 S\u00e3o Jos\u00e9 (Porto Alegre), em Porto Alegre<br>08.05.1983<br>Juventude 0x2 Santa Cruz (Santa Cruz do Sul), em Guapor\u00e9<br>15.05.1983<br>Juventude 0x1 Lajeadense (Lajeado), em Lajeado<br>21.05.1983<br>Juventude 0x3 Igrejinha (Igrejinha), em Igrejinha<br>28.05.1983<br>Juventude 2&#215;2 S\u00e3o Jos\u00e9 (Porto Alegre), em Guapor\u00e9<br>12.06.1983<br>Juventude 0x4 Santa Cruz (Santa Cruz do Sul), em Santa Cruz do Sul<br>23.10.1983<br>Juventude 2&#215;1 Lajeadense (Lajeado), em Guapor\u00e9<br>06.11.1983<br>Juventude 0x1 Lajeadense (Lajeado), em Guapor\u00e9<br>13.11.1983<br>Juventude 0x3 Avenida (Santa Cruz do Sul), em Guapor\u00e9<br>15.11.1983<br>Juventude 1&#215;2 Avenida (Santa Cruz do Sul), em Santa Cruz<br>19.11.1983<br>Juventude 1&#215;5 Lajeadense (Lajeado), em Lajeado<\/p>\n\n\n\n<p>Fonte: Arquivos do Autor<\/p>\n\r\n","protected":false},"excerpt":{"rendered":"<p>Campeonato Ga\u00facho &#8211; 2\u00aa Divis\u00e3o 17.04.1983Juventude 0x1 Igrejinha (Igrejinha), em Guapor\u00e923.04.1983Juventude 0x3 S\u00e3o Jos\u00e9 (Porto Alegre), em Porto Alegre08.05.1983Juventude 0x2 Santa Cruz (Santa Cruz do Sul), em Guapor\u00e915.05.1983Juventude 0x1 Lajeadense (Lajeado), em Lajeado21.05.1983Juventude 0x3 Igrejinha (Igrejinha), em Igrejinha28.05.1983Juventude 2&#215;2 S\u00e3o Jos\u00e9 (Porto Alegre), em Guapor\u00e912.06.1983Juventude 0x4 Santa Cruz (Santa Cruz do Sul), em Santa Cruz [&hellip;]<\/p>\n","protected":false},"author":2,"featured_media":0,"comment_status":"open","ping_status":"open","sticky":false,"template":"","format":"standard","meta":{"footnotes":""},"categories":[48,54,47,32,57],"tags":[],"class_list":["post-21950","post","type-post","status-publish","format-standard","hentry","category-campeonatos-historicos","category-fotos-historicas","category-jogos-historicos","category-rio-grande-do-sul","category-temporadas"],"_links":{"self":[{"href":"https:\/\/arquivosfutebolbrasil.com.br\/blog\/wp-json\/wp\/v2\/posts\/21950"}],"collection":[{"href":"https:\/\/arquivosfutebolbrasil.com.br\/blog\/wp-json\/wp\/v2\/posts"}],"about":[{"href":"https:\/\/arquivosfutebolbrasil.com.br\/blog\/wp-json\/wp\/v2\/types\/post"}],"author":[{"embeddable":true,"href":"https:\/\/arquivosfutebolbrasil.com.br\/blog\/wp-json\/wp\/v2\/users\/2"}],"replies":[{"embeddable":true,"href":"https:\/\/arquivosfutebolbrasil.com.br\/blog\/wp-json\/wp\/v2\/comments?post=21950"}],"version-history":[{"count":1,"href":"https:\/\/arquivosfutebolbrasil.com.br\/blog\/wp-json\/wp\/v2\/posts\/21950\/revisions"}],"predecessor-version":[{"id":21952,"href":"https:\/\/arquivosfutebolbrasil.com.br\/blog\/wp-json\/wp\/v2\/posts\/21950\/revisions\/21952"}],"wp:attachment":[{"href":"https:\/\/arquivosfutebolbrasil.com.br\/blog\/wp-json\/wp\/v2\/media?parent=21950"}],"wp:term":[{"taxonomy":"category","embeddable":true,"href":"https:\/\/arquivosfutebolbrasil.com.br\/blog\/wp-json\/wp\/v2\/categories?post=21950"},{"taxonomy":"post_tag","embeddable":true,"href":"https:\/\/arquivosfutebolbrasil.com.br\/blog\/wp-json\/wp\/v2\/tags?post=21950"}],"curies":[{"name":"wp","href":"https:\/\/api.w.org\/{rel}","templated":true}]}}