{"id":21702,"date":"2021-12-07T07:09:19","date_gmt":"2021-12-07T10:09:19","guid":{"rendered":"https:\/\/arquivosfutebolbrasil.com.br\/blog\/?p=21702"},"modified":"2021-12-07T07:09:21","modified_gmt":"2021-12-07T10:09:21","slug":"excursao-internacional-do-america-football-club-rio-de-janeiro-rj-em-1965","status":"publish","type":"post","link":"https:\/\/arquivosfutebolbrasil.com.br\/blog\/2021\/12\/07\/excursao-internacional-do-america-football-club-rio-de-janeiro-rj-em-1965\/","title":{"rendered":"Excurs\u00e3o Internacional do Am\u00e9rica Football Club (Rio de Janeiro &#8211; RJ) em 1965"},"content":{"rendered":"\n<div class=\"wp-block-image\"><figure class=\"aligncenter size-full is-resized\"><img loading=\"lazy\" decoding=\"async\" src=\"https:\/\/arquivosfutebolbrasil.com.br\/blog\/wp-content\/uploads\/2021\/12\/image-86.png\" alt=\"\" class=\"wp-image-21703\" width=\"133\" height=\"133\" srcset=\"https:\/\/arquivosfutebolbrasil.com.br\/blog\/wp-content\/uploads\/2021\/12\/image-86.png 650w, https:\/\/arquivosfutebolbrasil.com.br\/blog\/wp-content\/uploads\/2021\/12\/image-86-300x300.png 300w, https:\/\/arquivosfutebolbrasil.com.br\/blog\/wp-content\/uploads\/2021\/12\/image-86-150x150.png 150w\" sizes=\"(max-width: 133px) 100vw, 133px\" \/><\/figure><\/div>\n\n\n\n<p>18.01.1965<br>Am\u00e9rica 4&#215;1 Sele\u00e7\u00e3o de Trinidad e Tobago, em Porto f Spain &#8211; Trinidad e Tobago<br>23.01.1965<br>Am\u00e9rica 6&#215;0 Club Colonial (Martinica), em Fort de France &#8211; Martinica<br>24.01.1965<br>Am\u00e9rica 1&#215;2 Sele\u00e7\u00e3o de Martinica, em Fort de France &#8211; Martinica<br>28.01.1965<br>Am\u00e9rica 4&#215;0 Sele\u00e7\u00e3o de Fort de France (Martinica), em Fort de France &#8211; Martinica<br>31.01.1965<br>Am\u00e9rica 5&#215;4 Sele\u00e7\u00e3o de Guadalupe, em Pointe \u00e0 Pitre &#8211; Guadalupe<br>14.02.1965<br>Am\u00e9rica 4&#215;1 Valencia (Venezuela), em Valencia &#8211; Venezuela<br>16.02.1965<br>Am\u00e9rica 2&#215;1 Tiquires Flores (Venezuela), em Caracas &#8211; Venezuela<br>18.02.1965<br>Am\u00e9rica 2&#215;0 Uni\u00f3n Can\u00e1rias (Venezuela), em Valencia &#8211; Venezuela<\/p>\n\n\n\n<p>Fonte: Walter \u00cdris<\/p>\n\r\n","protected":false},"excerpt":{"rendered":"<p>18.01.1965Am\u00e9rica 4&#215;1 Sele\u00e7\u00e3o de Trinidad e Tobago, em Porto f Spain &#8211; Trinidad e Tobago23.01.1965Am\u00e9rica 6&#215;0 Club Colonial (Martinica), em Fort de France &#8211; Martinica24.01.1965Am\u00e9rica 1&#215;2 Sele\u00e7\u00e3o de Martinica, em Fort de France &#8211; Martinica28.01.1965Am\u00e9rica 4&#215;0 Sele\u00e7\u00e3o de Fort de France (Martinica), em Fort de France &#8211; Martinica31.01.1965Am\u00e9rica 5&#215;4 Sele\u00e7\u00e3o de Guadalupe, em Pointe \u00e0 [&hellip;]<\/p>\n","protected":false},"author":2,"featured_media":0,"comment_status":"open","ping_status":"open","sticky":false,"template":"","format":"standard","meta":{"footnotes":""},"categories":[42,47,29],"tags":[],"class_list":["post-21702","post","type-post","status-publish","format-standard","hentry","category-jogos-amistosos-internacionais","category-jogos-historicos","category-rio-de-janeiro"],"_links":{"self":[{"href":"https:\/\/arquivosfutebolbrasil.com.br\/blog\/wp-json\/wp\/v2\/posts\/21702"}],"collection":[{"href":"https:\/\/arquivosfutebolbrasil.com.br\/blog\/wp-json\/wp\/v2\/posts"}],"about":[{"href":"https:\/\/arquivosfutebolbrasil.com.br\/blog\/wp-json\/wp\/v2\/types\/post"}],"author":[{"embeddable":true,"href":"https:\/\/arquivosfutebolbrasil.com.br\/blog\/wp-json\/wp\/v2\/users\/2"}],"replies":[{"embeddable":true,"href":"https:\/\/arquivosfutebolbrasil.com.br\/blog\/wp-json\/wp\/v2\/comments?post=21702"}],"version-history":[{"count":1,"href":"https:\/\/arquivosfutebolbrasil.com.br\/blog\/wp-json\/wp\/v2\/posts\/21702\/revisions"}],"predecessor-version":[{"id":21704,"href":"https:\/\/arquivosfutebolbrasil.com.br\/blog\/wp-json\/wp\/v2\/posts\/21702\/revisions\/21704"}],"wp:attachment":[{"href":"https:\/\/arquivosfutebolbrasil.com.br\/blog\/wp-json\/wp\/v2\/media?parent=21702"}],"wp:term":[{"taxonomy":"category","embeddable":true,"href":"https:\/\/arquivosfutebolbrasil.com.br\/blog\/wp-json\/wp\/v2\/categories?post=21702"},{"taxonomy":"post_tag","embeddable":true,"href":"https:\/\/arquivosfutebolbrasil.com.br\/blog\/wp-json\/wp\/v2\/tags?post=21702"}],"curies":[{"name":"wp","href":"https:\/\/api.w.org\/{rel}","templated":true}]}}