{"id":21678,"date":"2021-12-06T20:02:54","date_gmt":"2021-12-06T23:02:54","guid":{"rendered":"https:\/\/arquivosfutebolbrasil.com.br\/blog\/?p=21678"},"modified":"2021-12-06T20:02:56","modified_gmt":"2021-12-06T23:02:56","slug":"gremio-esportivo-bage-bage-rs-temporada-oficial-de-1971","status":"publish","type":"post","link":"https:\/\/arquivosfutebolbrasil.com.br\/blog\/2021\/12\/06\/gremio-esportivo-bage-bage-rs-temporada-oficial-de-1971\/","title":{"rendered":"Gr\u00eamio Esportivo Bag\u00e9 (Bag\u00e9 &#8211; RS) &#8211; Temporada Oficial de 1971"},"content":{"rendered":"\n<figure class=\"wp-block-image size-full\"><img loading=\"lazy\" decoding=\"async\" width=\"757\" height=\"556\" src=\"https:\/\/arquivosfutebolbrasil.com.br\/blog\/wp-content\/uploads\/2021\/12\/image-78.png\" alt=\"\" class=\"wp-image-21679\" srcset=\"https:\/\/arquivosfutebolbrasil.com.br\/blog\/wp-content\/uploads\/2021\/12\/image-78.png 757w, https:\/\/arquivosfutebolbrasil.com.br\/blog\/wp-content\/uploads\/2021\/12\/image-78-300x220.png 300w\" sizes=\"(max-width: 757px) 100vw, 757px\" \/><\/figure>\n\n\n\n<p><strong>Campeonato Ga\u00facho &#8211; 1\u00aa Divis\u00e3o<\/strong><\/p>\n\n\n\n<p>24.01.1971<br>Bag\u00e9 1&#215;0 14 de Julho (Passo Fundo), em Passo Fundo<br>31.01.1971<br>Bag\u00e9 1&#215;2 Novo Hamburgo (Novo Hamburgo), em Bag\u00e9<br>14.02.1971<br>Bag\u00e9 2&#215;1 Rio Grande (Rio Grande), em Bag\u00e9<br>21.02.1971<br>Bag\u00e9 0x0 Avenida (Santa Cruz do Sul), em Santa Cruz do Sul<br>28.02.1971<br>Bag\u00e9 0x1 Ypiranga (Erechim), em Bag\u00e9<br>07.03.1971<br>Bag\u00e9 0x1 Internacional (Santa Maria), em Santa Maria<br>21.03.1971<br>Bag\u00e9 0x2 Brasil (Pelotas), em Pelotas<br>28.03.1971<br>Bag\u00e9 0x2 Gr\u00eamio (Porto Alegre), em Bag\u00e9<br>31.03.1971<br>Bag\u00e9 1&#215;2 Santa Cruz (Santa Cruz do Sul), em Santa Cruz do Sul<br>04.04.1971<br>Bag\u00e9 2&#215;1 Tamoio (Santo \u00c2ngelo), em Santo \u00c2ngelo<br>08.04.1971<br>Bag\u00e9 0x3 Esportivo (Bento Gon\u00e7alves), em Bag\u00e9<br>11.04.1971<br>Bag\u00e9 4&#215;2 Riograndense (Santa Maria), em Bag\u00e9<br>18.04.1971<br>Bag\u00e9 1&#215;1 Ga\u00facho (Passo Fundo), em Bag\u00e9<br>22.04.1971<br>Bag\u00e9 0x1 Pelotas (Pelotas), em Pelotas<br>25.04.1971<br>Bag\u00e9 0x1 Aimor\u00e9 (S\u00e3o Leopoldo), em S\u00e3o Leopoldo<br>02.05.1971<br>Bag\u00e9 2&#215;0 S\u00e3o Paulo (Rio Grande), em Bag\u00e9<br>05.05.1971<br>Bag\u00e9 2&#215;0 Flamengo (Caxias do Sul), em Bag\u00e9<br>09.05.1971<br>Bag\u00e9 3&#215;3 Atl\u00e2ntico (Erechim), em Erechim<br>16.05.1971<br>Bag\u00e9 0x1 Barroso S\u00e3o Jos\u00e9 (Porto Alegre), em Bag\u00e9<br>23.05.1971<br>Bag\u00e9 0x1 Juventude (Caxias do Sul), em Caxias do Sul<br>30.05.1971<br>Bag\u00e9 0x0 Guarany (Bag\u00e9), em Bag\u00e9<br>05.06.1971<br>Bag\u00e9 0x2 Internacional (Porto Alegre), em Porto Alegre<br>13.06.1971<br>Bag\u00e9 1&#215;0 Cruzeiro (Porto Alegre), em Bag\u00e9<br>19.06.1971<br>Bag\u00e9 1&#215;0 Farroupilha (Pelotas), em Pelotas<\/p>\n\n\n\n<p><strong>Copa Governador do Estado<\/strong><\/p>\n\n\n\n<p>29.08.1971<br>Bag\u00e9 3&#215;2 Internacional (Santa Maria), em Bag\u00e9<br>05.09.1971<br>Bag\u00e9 2&#215;0 S\u00e1 Viana (Uruguaiana), em Uruguaiana<br>12.09.1971<br>Bag\u00e9 1&#215;1 Riograndense (Santa Maria) em Santa Maria<br>19.09.1971<br>Bag\u00e9 1&#215;1 Armour (Santana do Livramento), em Bag\u00e9<br>26.09.1971<br>Bag\u00e9 2&#215;0 Guarany (Bag\u00e9), em Bag\u00e9<br>03.10.1971<br>Bag\u00e9 0x1 Internacional (Santa Maria) em Santa Maria<br>10.10.1971<br>Bag\u00e9 4&#215;0 S\u00e1 Viana (Uruguaiana), em Bag\u00e9<br>18.10.1971<br>Bag\u00e9 2&#215;1 Riograndense (Santa Maria) em Bag\u00e9<br>24.10.1971<br>Bag\u00e9 2&#215;2 Armour (Santana do Livramento), em Santana do Livramento<br>30.10.1971<br>Bag\u00e9 0x1 Guarany (Bag\u00e9), em Bag\u00e9<br>13.11.1971<br>Bag\u00e9 0x3 Barroso S\u00e3o Jos\u00e9 (Porto Alegre), em Porto Alegre<br>21.11.1971<br>Bag\u00e9 2&#215;1 Pelotas (Pelotas), em Bag\u00e9<\/p>\n\n\n\n<p>Fonte: Arquivos do Autor<\/p>\n\r\n","protected":false},"excerpt":{"rendered":"<p>Campeonato Ga\u00facho &#8211; 1\u00aa Divis\u00e3o 24.01.1971Bag\u00e9 1&#215;0 14 de Julho (Passo Fundo), em Passo Fundo31.01.1971Bag\u00e9 1&#215;2 Novo Hamburgo (Novo Hamburgo), em Bag\u00e914.02.1971Bag\u00e9 2&#215;1 Rio Grande (Rio Grande), em Bag\u00e921.02.1971Bag\u00e9 0x0 Avenida (Santa Cruz do Sul), em Santa Cruz do Sul28.02.1971Bag\u00e9 0x1 Ypiranga (Erechim), em Bag\u00e907.03.1971Bag\u00e9 0x1 Internacional (Santa Maria), em Santa Maria21.03.1971Bag\u00e9 0x2 Brasil (Pelotas), [&hellip;]<\/p>\n","protected":false},"author":2,"featured_media":0,"comment_status":"open","ping_status":"open","sticky":false,"template":"","format":"standard","meta":{"footnotes":""},"categories":[48,54,47,32,57],"tags":[],"class_list":["post-21678","post","type-post","status-publish","format-standard","hentry","category-campeonatos-historicos","category-fotos-historicas","category-jogos-historicos","category-rio-grande-do-sul","category-temporadas"],"_links":{"self":[{"href":"https:\/\/arquivosfutebolbrasil.com.br\/blog\/wp-json\/wp\/v2\/posts\/21678"}],"collection":[{"href":"https:\/\/arquivosfutebolbrasil.com.br\/blog\/wp-json\/wp\/v2\/posts"}],"about":[{"href":"https:\/\/arquivosfutebolbrasil.com.br\/blog\/wp-json\/wp\/v2\/types\/post"}],"author":[{"embeddable":true,"href":"https:\/\/arquivosfutebolbrasil.com.br\/blog\/wp-json\/wp\/v2\/users\/2"}],"replies":[{"embeddable":true,"href":"https:\/\/arquivosfutebolbrasil.com.br\/blog\/wp-json\/wp\/v2\/comments?post=21678"}],"version-history":[{"count":1,"href":"https:\/\/arquivosfutebolbrasil.com.br\/blog\/wp-json\/wp\/v2\/posts\/21678\/revisions"}],"predecessor-version":[{"id":21680,"href":"https:\/\/arquivosfutebolbrasil.com.br\/blog\/wp-json\/wp\/v2\/posts\/21678\/revisions\/21680"}],"wp:attachment":[{"href":"https:\/\/arquivosfutebolbrasil.com.br\/blog\/wp-json\/wp\/v2\/media?parent=21678"}],"wp:term":[{"taxonomy":"category","embeddable":true,"href":"https:\/\/arquivosfutebolbrasil.com.br\/blog\/wp-json\/wp\/v2\/categories?post=21678"},{"taxonomy":"post_tag","embeddable":true,"href":"https:\/\/arquivosfutebolbrasil.com.br\/blog\/wp-json\/wp\/v2\/tags?post=21678"}],"curies":[{"name":"wp","href":"https:\/\/api.w.org\/{rel}","templated":true}]}}