{"id":21666,"date":"2021-12-29T05:31:00","date_gmt":"2021-12-29T08:31:00","guid":{"rendered":"https:\/\/arquivosfutebolbrasil.com.br\/blog\/?p=21666"},"modified":"2021-12-06T05:33:25","modified_gmt":"2021-12-06T08:33:25","slug":"guarany-futebol-clube-bage-rs-temporada-oficial-de-2015","status":"publish","type":"post","link":"https:\/\/arquivosfutebolbrasil.com.br\/blog\/2021\/12\/29\/guarany-futebol-clube-bage-rs-temporada-oficial-de-2015\/","title":{"rendered":"Guarany Futebol Clube (Bag\u00e9 &#8211; RS) &#8211; Temporada Oficial de 2015"},"content":{"rendered":"\n<figure class=\"wp-block-image size-full\"><img loading=\"lazy\" decoding=\"async\" width=\"715\" height=\"575\" src=\"https:\/\/arquivosfutebolbrasil.com.br\/blog\/wp-content\/uploads\/2021\/12\/image-74.png\" alt=\"\" class=\"wp-image-21667\" srcset=\"https:\/\/arquivosfutebolbrasil.com.br\/blog\/wp-content\/uploads\/2021\/12\/image-74.png 715w, https:\/\/arquivosfutebolbrasil.com.br\/blog\/wp-content\/uploads\/2021\/12\/image-74-300x241.png 300w\" sizes=\"(max-width: 715px) 100vw, 715px\" \/><\/figure>\n\n\n\n<p>Campeonato Ga\u00facho &#8211; 3\u00aa Divis\u00e3o<\/p>\n\n\n\n<p>05.04.2015<br>Guarany 2&#215;0 Bag\u00e9 (Bag\u00e9), em Bag\u00e9<br>15.04.2015<br>Guarany 0x0 Barra (Porto Alegre), em Tr\u00eas Coroas<br>26.04.2015<br>Guarany 2&#215;0 14 de Julho (Santana do Livramento), em Bag\u00e9<br>03.05.2015<br>Guarany 0x0 Farroupilha (Pelotas), em Pelotas<br>10.05.2015<br>Guarany 0x2 Bag\u00e9 (Bag\u00e9), em Bag\u00e9<br>17.05.2015<br>Guarany 2&#215;1 Barra (Porto Alegre), em Bag\u00e9<br>31.05.2015<br>Guarany 2&#215;1 14 de Julho (Santana do Livramento), em Santana do Livramento<br>07.06.2015<br>Guarany 2&#215;2 Farroupilha (Pelotas), em Bag\u00e9<br>13.06.2015<br>Guarany 1&#215;1 Farroupilha (Pelotas), em Bag\u00e9<br>17.06.2015<br>Guarany 2&#215;0 Barra (Porto Alegre), em Tr\u00eas Coroas<br>21.06.2015<br>Guarany 1&#215;1 Bag\u00e9 (Bag\u00e9), em Bag\u00e9<br>28.06.2015<br>Guarany 1&#215;2 Bag\u00e9 (Bag\u00e9), em Bag\u00e9<br>02.07.2015<br>Guarany 6&#215;0 Barra (Porto Alegre), em Bag\u00e9<br>05.07.2015<br>Guarany 2&#215;2 Farroupilha (Pelotas), em Pelotas<br>08.07.2015<br>Guarany 1&#215;1 Palmeirense (Palmeira das Miss\u00f5es), em Bag\u00e9<br>12.07.2015<br>Guarany 1&#215;0 Palmeirense (Palmeira das Miss\u00f5es), em Palmeira das Miss\u00f5es<br>15.07.2015<br>Guarany 0x1 Marau (Marau), em Bag\u00e9<br>19.07.2015<br>Guarany 0x2 Marau (Marau), em Marau<\/p>\n\n\n\n<p>Fonte: Arquivos do Autor<\/p>\n\r\n","protected":false},"excerpt":{"rendered":"<p>Campeonato Ga\u00facho &#8211; 3\u00aa Divis\u00e3o 05.04.2015Guarany 2&#215;0 Bag\u00e9 (Bag\u00e9), em Bag\u00e915.04.2015Guarany 0x0 Barra (Porto Alegre), em Tr\u00eas Coroas26.04.2015Guarany 2&#215;0 14 de Julho (Santana do Livramento), em Bag\u00e903.05.2015Guarany 0x0 Farroupilha (Pelotas), em Pelotas10.05.2015Guarany 0x2 Bag\u00e9 (Bag\u00e9), em Bag\u00e917.05.2015Guarany 2&#215;1 Barra (Porto Alegre), em Bag\u00e931.05.2015Guarany 2&#215;1 14 de Julho (Santana do Livramento), em Santana do Livramento07.06.2015Guarany 2&#215;2 [&hellip;]<\/p>\n","protected":false},"author":2,"featured_media":0,"comment_status":"open","ping_status":"open","sticky":false,"template":"","format":"standard","meta":{"footnotes":""},"categories":[48,54,47,32,57],"tags":[],"class_list":["post-21666","post","type-post","status-publish","format-standard","hentry","category-campeonatos-historicos","category-fotos-historicas","category-jogos-historicos","category-rio-grande-do-sul","category-temporadas"],"_links":{"self":[{"href":"https:\/\/arquivosfutebolbrasil.com.br\/blog\/wp-json\/wp\/v2\/posts\/21666"}],"collection":[{"href":"https:\/\/arquivosfutebolbrasil.com.br\/blog\/wp-json\/wp\/v2\/posts"}],"about":[{"href":"https:\/\/arquivosfutebolbrasil.com.br\/blog\/wp-json\/wp\/v2\/types\/post"}],"author":[{"embeddable":true,"href":"https:\/\/arquivosfutebolbrasil.com.br\/blog\/wp-json\/wp\/v2\/users\/2"}],"replies":[{"embeddable":true,"href":"https:\/\/arquivosfutebolbrasil.com.br\/blog\/wp-json\/wp\/v2\/comments?post=21666"}],"version-history":[{"count":1,"href":"https:\/\/arquivosfutebolbrasil.com.br\/blog\/wp-json\/wp\/v2\/posts\/21666\/revisions"}],"predecessor-version":[{"id":21668,"href":"https:\/\/arquivosfutebolbrasil.com.br\/blog\/wp-json\/wp\/v2\/posts\/21666\/revisions\/21668"}],"wp:attachment":[{"href":"https:\/\/arquivosfutebolbrasil.com.br\/blog\/wp-json\/wp\/v2\/media?parent=21666"}],"wp:term":[{"taxonomy":"category","embeddable":true,"href":"https:\/\/arquivosfutebolbrasil.com.br\/blog\/wp-json\/wp\/v2\/categories?post=21666"},{"taxonomy":"post_tag","embeddable":true,"href":"https:\/\/arquivosfutebolbrasil.com.br\/blog\/wp-json\/wp\/v2\/tags?post=21666"}],"curies":[{"name":"wp","href":"https:\/\/api.w.org\/{rel}","templated":true}]}}