{"id":21660,"date":"2021-12-15T05:22:00","date_gmt":"2021-12-15T08:22:00","guid":{"rendered":"https:\/\/arquivosfutebolbrasil.com.br\/blog\/?p=21660"},"modified":"2021-12-06T05:25:58","modified_gmt":"2021-12-06T08:25:58","slug":"guarany-futebol-clube-bage-rs-temporada-oficial-de-2003","status":"publish","type":"post","link":"https:\/\/arquivosfutebolbrasil.com.br\/blog\/2021\/12\/15\/guarany-futebol-clube-bage-rs-temporada-oficial-de-2003\/","title":{"rendered":"Guarany Futebol Clube (Bag\u00e9 &#8211; RS) &#8211; Temporada Oficial de 2003"},"content":{"rendered":"\n<figure class=\"wp-block-image size-full\"><img loading=\"lazy\" decoding=\"async\" width=\"759\" height=\"496\" src=\"https:\/\/arquivosfutebolbrasil.com.br\/blog\/wp-content\/uploads\/2021\/12\/image-72.png\" alt=\"\" class=\"wp-image-21661\" srcset=\"https:\/\/arquivosfutebolbrasil.com.br\/blog\/wp-content\/uploads\/2021\/12\/image-72.png 759w, https:\/\/arquivosfutebolbrasil.com.br\/blog\/wp-content\/uploads\/2021\/12\/image-72-300x196.png 300w\" sizes=\"(max-width: 759px) 100vw, 759px\" \/><\/figure>\n\n\n\n<p><strong>Campeonato Ga\u00facho &#8211; 2\u00aa Divis\u00e3o<\/strong><\/p>\n\n\n\n<p>16.03.2003<br>Guarany 0x2 Internacional (Santa Maria), em Bag\u00e9<br>23.03.2003<br>Guarany 0x1 Cachoeira (Cachoeira do Sul), em Cachoeira do Sul<br>30.03.2003<br>Guarany 4&#215;1 Bag\u00e9 (Bag\u00e9), em Bag\u00e9<br>06.04.2003<br>Guarany 0x1 Lajeadense (Lajeado), em Lajeado<br>13.04.2003<br>Guarany 2&#215;0 Avenida (Santa Cruz do Sul), em Bag\u00e9<br>19.04.2003<br>Guarany 0x0 Avenida (Santa Cruz do Sul), em Santa Cruz do Sul<br>04.05.2003<br>Guarany 3&#215;1 Bag\u00e9 (Bag\u00e9), em Bag\u00e9<br>07.05.2003<br>Guarany 0x1 Lajeadense (Lajeado), em Bag\u00e9<br>11.05.2003<br>Guarany 2&#215;1 Cachoeira (Cachoeira do Sul), em Bag\u00e9<br>18.05.2003<br>Guarany 1&#215;0 Internacional (Santa Maria), em Santa Maria<br>01.06.2003<br>Guarany 1&#215;0 Brasil (Pelotas), em Bag\u00e9<br>08.06.2003<br>Guarany 1&#215;3 Ulbra (Canoas), em Canoas<br>15.06.2003<br>Guarany 2&#215;2 S\u00e3o Paulo (Rio Grande), em Bag\u00e9<br>22.06.2003<br>Guarany 1&#215;2 Ga\u00facho (Passo Fundo), em Bag\u00e9<br>29.06.2003<br>Guarany 1&#215;4 Bag\u00e9 (Bag\u00e9), em Bag\u00e9<br>06.07.2003<br>Guarany 0x0 Bag\u00e9 (Bag\u00e9), em Bag\u00e9<br>13.07.2003<br>Guarany 0x3 Ga\u00facho (Passo Fundo), em Passo Fundo<br>20.07.2003<br>Guarany 1&#215;2 S\u00e3o Paulo (Rio Grande), em Rio Grande<br>26.07.2003<br>Guarany 1&#215;2 Ulbra (Canoas), em Bag\u00e9<br>03.08.2003<br>Guarany 1&#215;1 Brasil (Pelotas), em Pelotas<\/p>\n\n\n\n<p>Fonte: Arquivos do Autor<\/p>\n\n\n\n<p><\/p>\n\r\n","protected":false},"excerpt":{"rendered":"<p>Campeonato Ga\u00facho &#8211; 2\u00aa Divis\u00e3o 16.03.2003Guarany 0x2 Internacional (Santa Maria), em Bag\u00e923.03.2003Guarany 0x1 Cachoeira (Cachoeira do Sul), em Cachoeira do Sul30.03.2003Guarany 4&#215;1 Bag\u00e9 (Bag\u00e9), em Bag\u00e906.04.2003Guarany 0x1 Lajeadense (Lajeado), em Lajeado13.04.2003Guarany 2&#215;0 Avenida (Santa Cruz do Sul), em Bag\u00e919.04.2003Guarany 0x0 Avenida (Santa Cruz do Sul), em Santa Cruz do Sul04.05.2003Guarany 3&#215;1 Bag\u00e9 (Bag\u00e9), em Bag\u00e907.05.2003Guarany [&hellip;]<\/p>\n","protected":false},"author":2,"featured_media":0,"comment_status":"open","ping_status":"open","sticky":false,"template":"","format":"standard","meta":{"footnotes":""},"categories":[48,54,47,32,57],"tags":[],"class_list":["post-21660","post","type-post","status-publish","format-standard","hentry","category-campeonatos-historicos","category-fotos-historicas","category-jogos-historicos","category-rio-grande-do-sul","category-temporadas"],"_links":{"self":[{"href":"https:\/\/arquivosfutebolbrasil.com.br\/blog\/wp-json\/wp\/v2\/posts\/21660"}],"collection":[{"href":"https:\/\/arquivosfutebolbrasil.com.br\/blog\/wp-json\/wp\/v2\/posts"}],"about":[{"href":"https:\/\/arquivosfutebolbrasil.com.br\/blog\/wp-json\/wp\/v2\/types\/post"}],"author":[{"embeddable":true,"href":"https:\/\/arquivosfutebolbrasil.com.br\/blog\/wp-json\/wp\/v2\/users\/2"}],"replies":[{"embeddable":true,"href":"https:\/\/arquivosfutebolbrasil.com.br\/blog\/wp-json\/wp\/v2\/comments?post=21660"}],"version-history":[{"count":1,"href":"https:\/\/arquivosfutebolbrasil.com.br\/blog\/wp-json\/wp\/v2\/posts\/21660\/revisions"}],"predecessor-version":[{"id":21662,"href":"https:\/\/arquivosfutebolbrasil.com.br\/blog\/wp-json\/wp\/v2\/posts\/21660\/revisions\/21662"}],"wp:attachment":[{"href":"https:\/\/arquivosfutebolbrasil.com.br\/blog\/wp-json\/wp\/v2\/media?parent=21660"}],"wp:term":[{"taxonomy":"category","embeddable":true,"href":"https:\/\/arquivosfutebolbrasil.com.br\/blog\/wp-json\/wp\/v2\/categories?post=21660"},{"taxonomy":"post_tag","embeddable":true,"href":"https:\/\/arquivosfutebolbrasil.com.br\/blog\/wp-json\/wp\/v2\/tags?post=21660"}],"curies":[{"name":"wp","href":"https:\/\/api.w.org\/{rel}","templated":true}]}}