{"id":2145,"date":"2019-11-21T15:34:21","date_gmt":"2019-11-21T18:34:21","guid":{"rendered":"https:\/\/arquivosfutebolbrasil.com.br\/blog\/?p=2145"},"modified":"2019-11-21T15:34:21","modified_gmt":"2019-11-21T18:34:21","slug":"clubes-de-minas-gerais-operario-futebol-clube-sao-joao-nepomuceno","status":"publish","type":"post","link":"https:\/\/arquivosfutebolbrasil.com.br\/blog\/2019\/11\/21\/clubes-de-minas-gerais-operario-futebol-clube-sao-joao-nepomuceno\/","title":{"rendered":"Clubes de Minas Gerais &#8211; Oper\u00e1rio Futebol Clube (S\u00e3o Jo\u00e3o Nepomuceno)"},"content":{"rendered":"\n<div class=\"wp-block-image\"><figure class=\"aligncenter\"><img loading=\"lazy\" decoding=\"async\" width=\"199\" height=\"223\" src=\"https:\/\/arquivosfutebolbrasil.com.br\/blog\/wp-content\/uploads\/2019\/11\/2-385.jpg\" alt=\"\" class=\"wp-image-2146\"\/><\/figure><\/div>\n\n\n\n<p>Nome: Oper\u00e1rio Futebol Clube<br>\nEndere\u00e7o: Rua Capit\u00e3o Br\u00e1z, 55 &#8211; S\u00e3o Jo\u00e3o Nepomuceno \/ MG<br>\nFunda\u00e7\u00e3o: 14 de julho de 1918<br>\nCores: verde \/ amarelo<br>\nEst\u00e1dio: Carlos Stiebler<\/p>\n\n\n\n<figure class=\"wp-block-image is-resized\"><img loading=\"lazy\" decoding=\"async\" src=\"https:\/\/arquivosfutebolbrasil.com.br\/blog\/wp-content\/uploads\/2019\/11\/1-2.jpg\" alt=\"\" class=\"wp-image-2148\" width=\"598\" height=\"377\" srcset=\"https:\/\/arquivosfutebolbrasil.com.br\/blog\/wp-content\/uploads\/2019\/11\/1-2.jpg 566w, https:\/\/arquivosfutebolbrasil.com.br\/blog\/wp-content\/uploads\/2019\/11\/1-2-300x189.jpg 300w\" sizes=\"(max-width: 598px) 100vw, 598px\" \/><\/figure>\n\n\n\n<p>Datas Hist\u00f3ricas:<\/p>\n\n\n\n<p>07 de setembro de 1921 &#8211; inaugura\u00e7\u00e3o do atual campo de futebol<br> 29 de outubro de 1933 &#8211; elei\u00e7\u00e3o da primeira Casa Real do Clube tendo como rainha Tereza Patr\u00edcio de Mendon\u00e7a e como princesas, Maria Madalena de Abreu e Romana Marotti.<br> 1934 &#8211; compra da antiga sede na administra\u00e7\u00e3o de Jo\u00e3o Pereira do Nascimento<br> 1935 &#8211; primeira diretoria feminina de um clube de futebol em S\u00e3o Jo\u00e3o Nepomuceno, tendo como presidente Herc\u00edlia Linhares e como vice-presidente Jovenita Gomes<br> 1947 &#8211; cria\u00e7\u00e3o do Hino do Oper\u00e1rio, tendo como autores Onofre Pereira (letra) e j\u00e9ferson Silva (m\u00fasica).<br> 1947 &#8211; consagrou-se como o primeiro campe\u00e3o municipal, em competi\u00e7\u00e3o promovida por uma entidade local, a Associa\u00e7\u00e3o S\u00e3o Joanense de Esportes (ASE). <br> 1948 &#8211; cria\u00e7\u00e3o do boletim informativo &#8220;Oper\u00e1rio em Marcha&#8221; em 27 de novembro.<br> 1951 &#8211; inaugura\u00e7\u00e3o do Est\u00e1dio Carlos Stiebler, com reformas e melhorias.<br> 1973 &#8211; inaugura\u00e7\u00e3o da atual sede social do Clube, localizada na Rua Capit\u00e3o Br\u00e1s, 55\/67.<br> 1978 &#8211; campe\u00e3o regional na categoria de adultos, campe\u00e3o da Zona da Mata.<br> 1982 &#8211; campe\u00e3o do Torneio &#8220;Haroldo Peres Martins&#8221; e do Torneio &#8220;Devolde de Castro Medina&#8221;<br> 1991 &#8211; cria\u00e7\u00e3o do &#8220;Conselho de Benem\u00e9ritos&#8221; do Oper\u00e1rio Futebol Clube. <\/p>\n\n\n\n<figure class=\"wp-block-image is-resized\"><img loading=\"lazy\" decoding=\"async\" src=\"https:\/\/arquivosfutebolbrasil.com.br\/blog\/wp-content\/uploads\/2019\/11\/3-1.jpg\" alt=\"\" class=\"wp-image-2147\" width=\"615\" height=\"392\" srcset=\"https:\/\/arquivosfutebolbrasil.com.br\/blog\/wp-content\/uploads\/2019\/11\/3-1.jpg 881w, https:\/\/arquivosfutebolbrasil.com.br\/blog\/wp-content\/uploads\/2019\/11\/3-1-300x191.jpg 300w, https:\/\/arquivosfutebolbrasil.com.br\/blog\/wp-content\/uploads\/2019\/11\/3-1-768x489.jpg 768w\" sizes=\"(max-width: 615px) 100vw, 615px\" \/><\/figure>\n\n\n\n<p>Fonte: sjonline<\/p>\n\r\n","protected":false},"excerpt":{"rendered":"<p>Nome: Oper\u00e1rio Futebol Clube Endere\u00e7o: Rua Capit\u00e3o Br\u00e1z, 55 &#8211; S\u00e3o Jo\u00e3o Nepomuceno \/ MG Funda\u00e7\u00e3o: 14 de julho de 1918 Cores: verde \/ amarelo Est\u00e1dio: Carlos Stiebler Datas Hist\u00f3ricas: 07 de setembro de 1921 &#8211; inaugura\u00e7\u00e3o do atual campo de futebol 29 de outubro de 1933 &#8211; elei\u00e7\u00e3o da primeira Casa Real do Clube [&hellip;]<\/p>\n","protected":false},"author":2,"featured_media":0,"comment_status":"open","ping_status":"open","sticky":false,"template":"","format":"standard","meta":{"footnotes":""},"categories":[55,39,44,23],"tags":[],"class_list":["post-2145","post","type-post","status-publish","format-standard","hentry","category-clubes-de-futebol","category-escudos","category-hinos-de-clubes","category-minas-gerais"],"_links":{"self":[{"href":"https:\/\/arquivosfutebolbrasil.com.br\/blog\/wp-json\/wp\/v2\/posts\/2145"}],"collection":[{"href":"https:\/\/arquivosfutebolbrasil.com.br\/blog\/wp-json\/wp\/v2\/posts"}],"about":[{"href":"https:\/\/arquivosfutebolbrasil.com.br\/blog\/wp-json\/wp\/v2\/types\/post"}],"author":[{"embeddable":true,"href":"https:\/\/arquivosfutebolbrasil.com.br\/blog\/wp-json\/wp\/v2\/users\/2"}],"replies":[{"embeddable":true,"href":"https:\/\/arquivosfutebolbrasil.com.br\/blog\/wp-json\/wp\/v2\/comments?post=2145"}],"version-history":[{"count":1,"href":"https:\/\/arquivosfutebolbrasil.com.br\/blog\/wp-json\/wp\/v2\/posts\/2145\/revisions"}],"predecessor-version":[{"id":2149,"href":"https:\/\/arquivosfutebolbrasil.com.br\/blog\/wp-json\/wp\/v2\/posts\/2145\/revisions\/2149"}],"wp:attachment":[{"href":"https:\/\/arquivosfutebolbrasil.com.br\/blog\/wp-json\/wp\/v2\/media?parent=2145"}],"wp:term":[{"taxonomy":"category","embeddable":true,"href":"https:\/\/arquivosfutebolbrasil.com.br\/blog\/wp-json\/wp\/v2\/categories?post=2145"},{"taxonomy":"post_tag","embeddable":true,"href":"https:\/\/arquivosfutebolbrasil.com.br\/blog\/wp-json\/wp\/v2\/tags?post=2145"}],"curies":[{"name":"wp","href":"https:\/\/api.w.org\/{rel}","templated":true}]}}