{"id":21236,"date":"2021-11-25T22:23:36","date_gmt":"2021-11-26T01:23:36","guid":{"rendered":"https:\/\/arquivosfutebolbrasil.com.br\/blog\/?p=21236"},"modified":"2021-11-25T22:23:38","modified_gmt":"2021-11-26T01:23:38","slug":"esporte-clube-pelotas-pelotas-rs-temporada-oficial-de-1976","status":"publish","type":"post","link":"https:\/\/arquivosfutebolbrasil.com.br\/blog\/2021\/11\/25\/esporte-clube-pelotas-pelotas-rs-temporada-oficial-de-1976\/","title":{"rendered":"Esporte Clube Pelotas (Pelotas &#8211; RS) &#8211; Temporada Oficial de 1976"},"content":{"rendered":"\n<figure class=\"wp-block-image size-full\"><img loading=\"lazy\" decoding=\"async\" width=\"754\" height=\"546\" src=\"https:\/\/arquivosfutebolbrasil.com.br\/blog\/wp-content\/uploads\/2021\/11\/image-295.png\" alt=\"\" class=\"wp-image-21237\" srcset=\"https:\/\/arquivosfutebolbrasil.com.br\/blog\/wp-content\/uploads\/2021\/11\/image-295.png 754w, https:\/\/arquivosfutebolbrasil.com.br\/blog\/wp-content\/uploads\/2021\/11\/image-295-300x217.png 300w\" sizes=\"(max-width: 754px) 100vw, 754px\" \/><\/figure>\n\n\n\n<p><strong>Campeonato Ga\u00facho &#8211; 1\u00aa Divis\u00e3o<\/strong><\/p>\n\n\n\n<p>18.01.1976<br>Pelotas 0x1 Internacional (S\u00e3o Borja), em Pelotas<br>25.01.1976<br>Pelotas 0x1 Bag\u00e9 (Bag\u00e9), em Bag\u00e9<br>08.02.1976<br>Pelotas 0x0 Ferrocarril (Uruguaiana), em Pelotas<br>15.02.1976<br>Pelotas 1&#215;0 Alegrete (Alegrete), em Alegrete<br>21.02.1976<br>Pelotas 0x1 Internacional (S\u00e3o Borja), em S\u00e3o Borja<br>28.02.1976<br>Pelotas 1&#215;2 Bag\u00e9 (Bag\u00e9), em Pelotas<br>14.03.1976<br>Pelotas 1&#215;3 Ferrocarril (Uruguaiana), em Uruguaiana<br>21.03.1976<br>Pelotas 2&#215;0 Alegrete (Alegrete), em Pelotas<\/p>\n\n\n\n<p><strong>Copa Governador do Estado<\/strong><\/p>\n\n\n\n<p>24.04.1976<br>Pelotas 1&#215;1 Rio Grande (Rio Grande), em Pelotas<br>02.05.1976<br>Pelotas 0x1 Brasil (Pelotas), em Pelotas<br>09.05.1976<br>Pelotas 1&#215;0 S\u00e3o Paulo (Rio Grande), em Pelotas<br>16.05.1976<br>Pelotas 0x0 Farroupilha (Pelotas), em Pelotas<br>12.06.1976<br>Pelotas 0x1 Rio Grande (Rio Grande), em Rio Grande<br>20.06.1976<br>Pelotas 2&#215;2 Brasil (Pelotas), em Pelotas<br>04.07.1976<br>Pelotas 2&#215;1 Farroupilha (Pelotas), em Pelotas<br>11.07.1976<br>Pelotas 0x1 S\u00e3o Paulo (Rio Grande), em Rio Grande<br>04.09.1976<br>Pelotas 0x0 Riograndense (Rio Grande), em Rio Grande<br>12.09.1976<br>Pelotas 3&#215;0 Bag\u00e9 (Bag\u00e9), em Pelotas<br>19.09.1976<br>Pelotas 1&#215;1 Farroupilha (Pelotas), em Pelotas<br>26.09.1976<br>Pelotas 0x1 Armour (Santana do Livramento), em Pelotas<br>03.10.1976<br>Pelotas 0x2 Riograndense (Rio Grande), em Pelotas<br>17.10.1976<br>Pelotas 0x0 Bag\u00e9 (Bag\u00e9), em Bag\u00e9<br>24.10.1976<br>Pelotas 2&#215;0 Farroupilha (Pelotas), em Pelotas<br>30.10.1976<br>Pelotas 0x0 Armour (Santana do Livramento), em Santana do Livramento<\/p>\n\n\n\n<p>Fonte: Jos\u00e9 Luiz Tavares Maciel<\/p>\n\r\n","protected":false},"excerpt":{"rendered":"<p>Campeonato Ga\u00facho &#8211; 1\u00aa Divis\u00e3o 18.01.1976Pelotas 0x1 Internacional (S\u00e3o Borja), em Pelotas25.01.1976Pelotas 0x1 Bag\u00e9 (Bag\u00e9), em Bag\u00e908.02.1976Pelotas 0x0 Ferrocarril (Uruguaiana), em Pelotas15.02.1976Pelotas 1&#215;0 Alegrete (Alegrete), em Alegrete21.02.1976Pelotas 0x1 Internacional (S\u00e3o Borja), em S\u00e3o Borja28.02.1976Pelotas 1&#215;2 Bag\u00e9 (Bag\u00e9), em Pelotas14.03.1976Pelotas 1&#215;3 Ferrocarril (Uruguaiana), em Uruguaiana21.03.1976Pelotas 2&#215;0 Alegrete (Alegrete), em Pelotas Copa Governador do Estado 24.04.1976Pelotas 1&#215;1 [&hellip;]<\/p>\n","protected":false},"author":2,"featured_media":0,"comment_status":"open","ping_status":"open","sticky":false,"template":"","format":"standard","meta":{"footnotes":""},"categories":[48,54,47,32,57],"tags":[],"class_list":["post-21236","post","type-post","status-publish","format-standard","hentry","category-campeonatos-historicos","category-fotos-historicas","category-jogos-historicos","category-rio-grande-do-sul","category-temporadas"],"_links":{"self":[{"href":"https:\/\/arquivosfutebolbrasil.com.br\/blog\/wp-json\/wp\/v2\/posts\/21236"}],"collection":[{"href":"https:\/\/arquivosfutebolbrasil.com.br\/blog\/wp-json\/wp\/v2\/posts"}],"about":[{"href":"https:\/\/arquivosfutebolbrasil.com.br\/blog\/wp-json\/wp\/v2\/types\/post"}],"author":[{"embeddable":true,"href":"https:\/\/arquivosfutebolbrasil.com.br\/blog\/wp-json\/wp\/v2\/users\/2"}],"replies":[{"embeddable":true,"href":"https:\/\/arquivosfutebolbrasil.com.br\/blog\/wp-json\/wp\/v2\/comments?post=21236"}],"version-history":[{"count":1,"href":"https:\/\/arquivosfutebolbrasil.com.br\/blog\/wp-json\/wp\/v2\/posts\/21236\/revisions"}],"predecessor-version":[{"id":21238,"href":"https:\/\/arquivosfutebolbrasil.com.br\/blog\/wp-json\/wp\/v2\/posts\/21236\/revisions\/21238"}],"wp:attachment":[{"href":"https:\/\/arquivosfutebolbrasil.com.br\/blog\/wp-json\/wp\/v2\/media?parent=21236"}],"wp:term":[{"taxonomy":"category","embeddable":true,"href":"https:\/\/arquivosfutebolbrasil.com.br\/blog\/wp-json\/wp\/v2\/categories?post=21236"},{"taxonomy":"post_tag","embeddable":true,"href":"https:\/\/arquivosfutebolbrasil.com.br\/blog\/wp-json\/wp\/v2\/tags?post=21236"}],"curies":[{"name":"wp","href":"https:\/\/api.w.org\/{rel}","templated":true}]}}