{"id":20521,"date":"2021-11-30T19:23:00","date_gmt":"2021-11-30T22:23:00","guid":{"rendered":"https:\/\/arquivosfutebolbrasil.com.br\/blog\/?p=20521"},"modified":"2021-11-10T19:24:38","modified_gmt":"2021-11-10T22:24:38","slug":"sao-francisco-futebol-clube-rio-branco-ac-temporada-oficial-de-2021","status":"publish","type":"post","link":"https:\/\/arquivosfutebolbrasil.com.br\/blog\/2021\/11\/30\/sao-francisco-futebol-clube-rio-branco-ac-temporada-oficial-de-2021\/","title":{"rendered":"S\u00e3o Francisco Futebol Clube (Rio Branco &#8211; AC) &#8211; Temporada Oficial de 2021"},"content":{"rendered":"\n<div class=\"wp-block-image\"><figure class=\"aligncenter size-full\"><img loading=\"lazy\" decoding=\"async\" width=\"757\" height=\"528\" src=\"https:\/\/arquivosfutebolbrasil.com.br\/blog\/wp-content\/uploads\/2021\/11\/image-59.png\" alt=\"\" class=\"wp-image-20522\" srcset=\"https:\/\/arquivosfutebolbrasil.com.br\/blog\/wp-content\/uploads\/2021\/11\/image-59.png 757w, https:\/\/arquivosfutebolbrasil.com.br\/blog\/wp-content\/uploads\/2021\/11\/image-59-300x209.png 300w\" sizes=\"(max-width: 757px) 100vw, 757px\" \/><\/figure><\/div>\n\n\n\n<p><strong>Campeonato Acreano &#8211; 1\u00aa Divis\u00e3o &#8211; 2021<\/strong><\/p>\n\n\n\n<p>10.07.2021<br>S\u00e3o Francisco 2&#215;2 Rio Branco (Rio Branco), em Rio Branco<br>14.07.2021<br>S\u00e3o Francisco 1&#215;1 Pl\u00e1cido de Castro (Pl\u00e1cido de Castro), em Rio Branco<br>24.07.2021<br>S\u00e3o Francisco 2&#215;1 Vasco da Gama (Rio Branco), em Rio Branco<br>31.07.2021<br>S\u00e3o Francisco 3&#215;0 Nau\u00e1s (Cruzeiro do Sul), em Rio Branco<br>07.08.2021<br>S\u00e3o Francisco 0x1 Humait\u00e1 (Porto Acre), em Rio Branco<br>14.08.2021<br>S\u00e3o Francisco 0x1 Andir\u00e1 (Rio Branco), em Rio Branco<br>25.08.2021<br>S\u00e3o Francisco 1&#215;2 Atl\u00e9tico (Rio Branco), em Rio Branco<br>09.09.2021<br>S\u00e3o Francisco 0x4 Galvez (Rio Branco), em Rio Branco<\/p>\n\n\n\n<p>Fonte: Arquivos do Autor<\/p>\n\r\n","protected":false},"excerpt":{"rendered":"<p>Campeonato Acreano &#8211; 1\u00aa Divis\u00e3o &#8211; 2021 10.07.2021S\u00e3o Francisco 2&#215;2 Rio Branco (Rio Branco), em Rio Branco14.07.2021S\u00e3o Francisco 1&#215;1 Pl\u00e1cido de Castro (Pl\u00e1cido de Castro), em Rio Branco24.07.2021S\u00e3o Francisco 2&#215;1 Vasco da Gama (Rio Branco), em Rio Branco31.07.2021S\u00e3o Francisco 3&#215;0 Nau\u00e1s (Cruzeiro do Sul), em Rio Branco07.08.2021S\u00e3o Francisco 0x1 Humait\u00e1 (Porto Acre), em Rio Branco14.08.2021S\u00e3o [&hellip;]<\/p>\n","protected":false},"author":2,"featured_media":0,"comment_status":"open","ping_status":"open","sticky":false,"template":"","format":"standard","meta":{"footnotes":""},"categories":[5,48,54,47,57],"tags":[],"class_list":["post-20521","post","type-post","status-publish","format-standard","hentry","category-acre","category-campeonatos-historicos","category-fotos-historicas","category-jogos-historicos","category-temporadas"],"_links":{"self":[{"href":"https:\/\/arquivosfutebolbrasil.com.br\/blog\/wp-json\/wp\/v2\/posts\/20521"}],"collection":[{"href":"https:\/\/arquivosfutebolbrasil.com.br\/blog\/wp-json\/wp\/v2\/posts"}],"about":[{"href":"https:\/\/arquivosfutebolbrasil.com.br\/blog\/wp-json\/wp\/v2\/types\/post"}],"author":[{"embeddable":true,"href":"https:\/\/arquivosfutebolbrasil.com.br\/blog\/wp-json\/wp\/v2\/users\/2"}],"replies":[{"embeddable":true,"href":"https:\/\/arquivosfutebolbrasil.com.br\/blog\/wp-json\/wp\/v2\/comments?post=20521"}],"version-history":[{"count":1,"href":"https:\/\/arquivosfutebolbrasil.com.br\/blog\/wp-json\/wp\/v2\/posts\/20521\/revisions"}],"predecessor-version":[{"id":20523,"href":"https:\/\/arquivosfutebolbrasil.com.br\/blog\/wp-json\/wp\/v2\/posts\/20521\/revisions\/20523"}],"wp:attachment":[{"href":"https:\/\/arquivosfutebolbrasil.com.br\/blog\/wp-json\/wp\/v2\/media?parent=20521"}],"wp:term":[{"taxonomy":"category","embeddable":true,"href":"https:\/\/arquivosfutebolbrasil.com.br\/blog\/wp-json\/wp\/v2\/categories?post=20521"},{"taxonomy":"post_tag","embeddable":true,"href":"https:\/\/arquivosfutebolbrasil.com.br\/blog\/wp-json\/wp\/v2\/tags?post=20521"}],"curies":[{"name":"wp","href":"https:\/\/api.w.org\/{rel}","templated":true}]}}