{"id":20331,"date":"2021-10-26T22:24:23","date_gmt":"2021-10-27T01:24:23","guid":{"rendered":"https:\/\/arquivosfutebolbrasil.com.br\/blog\/?p=20331"},"modified":"2021-10-26T22:24:25","modified_gmt":"2021-10-27T01:24:25","slug":"comercial-futebol-clube-tiete-sp-temporada-oficial-de-1963","status":"publish","type":"post","link":"https:\/\/arquivosfutebolbrasil.com.br\/blog\/2021\/10\/26\/comercial-futebol-clube-tiete-sp-temporada-oficial-de-1963\/","title":{"rendered":"Comercial Futebol Clube (Tiet\u00ea &#8211; SP) &#8211; Temporada Oficial de 1963"},"content":{"rendered":"\n<figure class=\"wp-block-image size-full\"><img loading=\"lazy\" decoding=\"async\" width=\"792\" height=\"508\" src=\"https:\/\/arquivosfutebolbrasil.com.br\/blog\/wp-content\/uploads\/2021\/10\/image-69.png\" alt=\"\" class=\"wp-image-20332\" srcset=\"https:\/\/arquivosfutebolbrasil.com.br\/blog\/wp-content\/uploads\/2021\/10\/image-69.png 792w, https:\/\/arquivosfutebolbrasil.com.br\/blog\/wp-content\/uploads\/2021\/10\/image-69-300x192.png 300w, https:\/\/arquivosfutebolbrasil.com.br\/blog\/wp-content\/uploads\/2021\/10\/image-69-768x493.png 768w\" sizes=\"(max-width: 792px) 100vw, 792px\" \/><figcaption>Fonte: Cl\u00e1udio Aldecir Oliveira<\/figcaption><\/figure>\n\n\n\n<p><strong>Campeonato Paulista &#8211; 3\u00aa Divis\u00e3o &#8211; 1962<\/strong><\/p>\n\n\n\n<p>20.01.1963<br>Comercial 0x2 Usina Santa B\u00e1rbara (Santa B\u00e1rbara d&#8217;Oeste), em Santa B\u00e1rbara d&#8217;Oeste<br>03.02.1963<br>Comercial 3&#215;3 Santana (Itapeva), em Tiet\u00ea<br>10.02.1963<br>Comercial 1&#215;3 Murutinga (Murutinga do Sul), em Murutinga do Sul<br>17.02.1963<br>Comercial 5&#215;1 Floresta (Amparo), em Tiet\u00ea<br>10.03.1963<br>Comercial 2&#215;2 S\u00e3o Miguel (S\u00e3o Miguel Arcanjo), em S\u00e3o Miguel Arcanjo<br>24.03.1963<br>Comercial 3&#215;2 Promeca (Jundia\u00ed), em Tiet\u00ea<br>31.03.1963<br>Comercial 3&#215;2 Usina Santa B\u00e1rbara (Santa B\u00e1rbara d&#8217;Oeste), em Tiet\u00ea<br>07.04.1963<br>Comercial 1&#215;2 Floresta (Amparo), em Amparo<br>21.04.1963<br>Comercial 6&#215;0 Murutinga (Murutinga do Sul), em Tiet\u00ea<br>28.04.1963<br>Comercial 1&#215;3 Promeca (Jundia\u00ed), em Jundia\u00ed<br>05.05.1963<br>Comercial 0x1 Santana (Itapeva), em Itapeva<br>12.05.1963<br>Comercial 4&#215;1 S\u00e3o Miguel (S\u00e3o Miguel Arcanjo), em Tiet\u00ea<\/p>\n\n\n\n<p><strong>Campeonato Paulista &#8211; 3\u00aa Divis\u00e3o &#8211; 1963<\/strong><\/p>\n\n\n\n<p>01.09.1963<br>Comercial 1&#215;0 Sorocabana (Mairinque), em Tiet\u00ea<br>08.09.1963<br>Comercial 1&#215;0 Capivariano (Capivari), em Capivari<br>15.09.1963<br>Comercial 2&#215;1 Portofelicense (Porto Feliz), em Porto Feliz<br>22.09.1963<br>Comercial 1&#215;2 Rafard (Rafard), em Tiet\u00ea<br>06.10.1963<br>Comercial 2&#215;2 Rio Pardo (S\u00e3o Jos\u00e9 do Rio Pardo), em Tiet\u00ea<br>20.10.1963<br>Comercial 6&#215;1 Ribeir\u00e3o Bonito (Ribeir\u00e3o Bonito), em Tiet\u00ea<br>03.11.1963<br>Comercial 0x1 Produtos Cachoeira (Itu), em Itu<br>17.11.1963<br>Comercial 1&#215;3 Rafard (Rafard), em Rafard<br>01.12.1963<br>Comercial 4&#215;1 Produtos Cachoeira (Itu), em Tiet\u00ea<br>08.12.1963<br>Comercial 2&#215;2 Ribeir\u00e3o Bonito (Ribeir\u00e3o Bonito), em Ribeir\u00e3o Bonito<br>15.12.1963<br>Comercial 3&#215;1 Capivariano (Capivari), em Tiet\u00ea<\/p>\n\n\n\n<p>Fonte: Arquivos do Autor<\/p>\n\r\n","protected":false},"excerpt":{"rendered":"<p>Campeonato Paulista &#8211; 3\u00aa Divis\u00e3o &#8211; 1962 20.01.1963Comercial 0x2 Usina Santa B\u00e1rbara (Santa B\u00e1rbara d&#8217;Oeste), em Santa B\u00e1rbara d&#8217;Oeste03.02.1963Comercial 3&#215;3 Santana (Itapeva), em Tiet\u00ea10.02.1963Comercial 1&#215;3 Murutinga (Murutinga do Sul), em Murutinga do Sul17.02.1963Comercial 5&#215;1 Floresta (Amparo), em Tiet\u00ea10.03.1963Comercial 2&#215;2 S\u00e3o Miguel (S\u00e3o Miguel Arcanjo), em S\u00e3o Miguel Arcanjo24.03.1963Comercial 3&#215;2 Promeca (Jundia\u00ed), em Tiet\u00ea31.03.1963Comercial 3&#215;2 Usina [&hellip;]<\/p>\n","protected":false},"author":2,"featured_media":0,"comment_status":"open","ping_status":"open","sticky":false,"template":"","format":"standard","meta":{"footnotes":""},"categories":[48,54,47,35,57],"tags":[],"class_list":["post-20331","post","type-post","status-publish","format-standard","hentry","category-campeonatos-historicos","category-fotos-historicas","category-jogos-historicos","category-sao-paulo","category-temporadas"],"_links":{"self":[{"href":"https:\/\/arquivosfutebolbrasil.com.br\/blog\/wp-json\/wp\/v2\/posts\/20331"}],"collection":[{"href":"https:\/\/arquivosfutebolbrasil.com.br\/blog\/wp-json\/wp\/v2\/posts"}],"about":[{"href":"https:\/\/arquivosfutebolbrasil.com.br\/blog\/wp-json\/wp\/v2\/types\/post"}],"author":[{"embeddable":true,"href":"https:\/\/arquivosfutebolbrasil.com.br\/blog\/wp-json\/wp\/v2\/users\/2"}],"replies":[{"embeddable":true,"href":"https:\/\/arquivosfutebolbrasil.com.br\/blog\/wp-json\/wp\/v2\/comments?post=20331"}],"version-history":[{"count":1,"href":"https:\/\/arquivosfutebolbrasil.com.br\/blog\/wp-json\/wp\/v2\/posts\/20331\/revisions"}],"predecessor-version":[{"id":20333,"href":"https:\/\/arquivosfutebolbrasil.com.br\/blog\/wp-json\/wp\/v2\/posts\/20331\/revisions\/20333"}],"wp:attachment":[{"href":"https:\/\/arquivosfutebolbrasil.com.br\/blog\/wp-json\/wp\/v2\/media?parent=20331"}],"wp:term":[{"taxonomy":"category","embeddable":true,"href":"https:\/\/arquivosfutebolbrasil.com.br\/blog\/wp-json\/wp\/v2\/categories?post=20331"},{"taxonomy":"post_tag","embeddable":true,"href":"https:\/\/arquivosfutebolbrasil.com.br\/blog\/wp-json\/wp\/v2\/tags?post=20331"}],"curies":[{"name":"wp","href":"https:\/\/api.w.org\/{rel}","templated":true}]}}