{"id":20154,"date":"2021-10-13T09:29:00","date_gmt":"2021-10-13T12:29:00","guid":{"rendered":"https:\/\/arquivosfutebolbrasil.com.br\/blog\/?p=20154"},"modified":"2021-10-10T09:31:35","modified_gmt":"2021-10-10T12:31:35","slug":"copa-do-mundo-de-futsal-2016","status":"publish","type":"post","link":"https:\/\/arquivosfutebolbrasil.com.br\/blog\/2021\/10\/13\/copa-do-mundo-de-futsal-2016\/","title":{"rendered":"Copa do Mundo de Futsal &#8211; 2016"},"content":{"rendered":"\n<div class=\"wp-block-image\"><figure class=\"aligncenter size-large\"><img loading=\"lazy\" decoding=\"async\" width=\"1024\" height=\"500\" src=\"https:\/\/arquivosfutebolbrasil.com.br\/blog\/wp-content\/uploads\/2021\/10\/image-8-1024x500.png\" alt=\"\" class=\"wp-image-20155\" srcset=\"https:\/\/arquivosfutebolbrasil.com.br\/blog\/wp-content\/uploads\/2021\/10\/image-8-1024x500.png 1024w, https:\/\/arquivosfutebolbrasil.com.br\/blog\/wp-content\/uploads\/2021\/10\/image-8-300x146.png 300w, https:\/\/arquivosfutebolbrasil.com.br\/blog\/wp-content\/uploads\/2021\/10\/image-8-768x375.png 768w, https:\/\/arquivosfutebolbrasil.com.br\/blog\/wp-content\/uploads\/2021\/10\/image-8-1536x750.png 1536w, https:\/\/arquivosfutebolbrasil.com.br\/blog\/wp-content\/uploads\/2021\/10\/image-8-1200x586.png 1200w, https:\/\/arquivosfutebolbrasil.com.br\/blog\/wp-content\/uploads\/2021\/10\/image-8.png 1565w\" sizes=\"(max-width: 1024px) 100vw, 1024px\" \/><\/figure><\/div>\n\n\n\n<p><strong>Grupo A<\/strong><\/p>\n\n\n\n<p>10.09.2016<br>Panam\u00e1 3&#215;1 Uzbequist\u00e3o, em Cali &#8211; Col\u00f4mbia<br>Col\u00f4mbia 1&#215;1 Portugal, em Cali &#8211; Col\u00f4mbia<br>13.09.2016<br>Portugal 9&#215;0 Panam\u00e1 em Cali &#8211; Col\u00f4mbia<br>Col\u00f4mbia 3&#215;3 Uzbequist\u00e3o, em Cali &#8211; Col\u00f4mbia<br>16.09.2016<br>Portugal 5&#215;1 Uzbequist\u00e3o, em Medell\u00edn &#8211; Col\u00f4mbia<br>Col\u00f4mbia 4&#215;3 Panam\u00e1, em Cali &#8211; Col\u00f4mbia<\/p>\n\n\n\n<p><strong>Grupo B<\/strong><\/p>\n\n\n\n<p>10.09.2016<br>Egito 7&#215;1 Cuba, em Medell\u00edn &#8211; Col\u00f4mbia<br>R\u00fassia 6&#215;4 Tail\u00e2ndia, em Medell\u00edn &#8211; Col\u00f4mbia<br>13.09.2016<br>R\u00fassia 6&#215;1 Egito, em Medell\u00edn &#8211; Col\u00f4mbia<br>Tail\u00e2ndia 8&#215;5 Cuba, em Medell\u00edn &#8211; Col\u00f4mbia<br>16.09.2016<br>R\u00fassia 7&#215;1 Cuba, em Cali &#8211; Col\u00f4mbia<br>Tail\u00e2ndia 2&#215;1 Egito, em Medell\u00edn &#8211; Col\u00f4mbia<\/p>\n\n\n\n<p><strong>Grupo C<\/strong><\/p>\n\n\n\n<p>11.09.2016<br>Vietnam 4&#215;2 Guatemala, em Cali &#8211; Col\u00f4mbia<br>It\u00e1lia 4&#215;2 Paraguai, em Cali &#8211; Col\u00f4mbia<br>14.09.2016<br>It\u00e1lia 5&#215;1 Guatemala, em Cali &#8211; Col\u00f4mbia<br>Paraguai 7&#215;1 Vietnam, em Cali &#8211; Col\u00f4mbia<br>17.09.2016<br>It\u00e1lia 2&#215;0 Vietnam, em Bucaramanga &#8211; Col\u00f4mbia<br>Paraguai 8&#215;4 Guatemala, em Cali &#8211; Col\u00f4mbia<\/p>\n\n\n\n<p><strong>Grupo D<\/strong><\/p>\n\n\n\n<p>11.09.2016<br>Austr\u00e1lia 3&#215;2 Mo\u00e7ambique, em Bucaramanga &#8211; Col\u00f4mbia<br>Brasil 3&#215;1 Ucr\u00e2nia, em Bucaramanga &#8211; Col\u00f4mbia<br>14.09.2016<br>Brasil 11&#215;1 Austr\u00e1lia, em Bucaramanga &#8211; Col\u00f4mbia<br>Ucr\u00e2nia 4&#215;2 Mo\u00e7ambique, em Bucaramanga &#8211; Col\u00f4mbia<br>15.09.2016<br>Brasil 15&#215;3 Mo\u00e7ambique, em Cali &#8211; Col\u00f4mbia<br>Ucr\u00e2nia 3&#215;1 Austr\u00e1lia, em Bucaramanga &#8211; Col\u00f4mbia<\/p>\n\n\n\n<p><strong>Grupo E<\/strong><\/p>\n\n\n\n<p>12.09.2016<br>Costa Rica 4&#215;2 Ilhas Salom\u00e3o, em Bucaramanga &#8211; Col\u00f4mbia<br>Argentina 1&#215;0 Cazaquist\u00e3o, em Bucaramanga &#8211; Col\u00f4mbia<br>15.09.2016<br>Cazaquist\u00e3o 3&#215;1 Costa Rica, em Bucaramanga &#8211; Col\u00f4mbia<br>Argentina 7&#215;3 Ilhas Salom\u00e3o, em Bucaramanga &#8211; Col\u00f4mbia<br>18.09.2016<br>Cazaquist\u00e3o 10&#215;0 Ilhas Salom\u00e3o, em Medell\u00edn &#8211; Col\u00f4mbia<br>Costa Rica 2&#215;2 Argentina, em Bucaramanga &#8211; Col\u00f4mbia<\/p>\n\n\n\n<p><strong>Grupo F<\/strong><\/p>\n\n\n\n<p>12.09.2016<br>Azerbaij\u00e3o 5&#215;0 Marrocos, em Medell\u00edn &#8211; Col\u00f4mbia<br>Espanha 5&#215;1 Iran, em Medell\u00edn &#8211; Col\u00f4mbia<br>15.09.2016<br>Espanha 4&#215;2 Azerbaij\u00e3o, em Medell\u00edn &#8211; Col\u00f4mbia<br>Iran 5&#215;3 Marrocos, em Medell\u00edn &#8211; Col\u00f4mbia<br>18.09.2016<br>Espanha 4&#215;3 Marrocos, em Bucaramanga &#8211; Col\u00f4mbia<br>Azerbaij\u00e3o 3&#215;3 Iran, em Medell\u00edn &#8211; Col\u00f4mbia<\/p>\n\n\n\n<p><strong>Oitavas de Final<\/strong><\/p>\n\n\n\n<p>20.09.2016<br>Paraguai 0x0 Col\u00f4mbia (3&#215;2 pen), em Cali &#8211; Col\u00f4mbia<br>R\u00fassia 7&#215;0 Vietnam, em Medell\u00edn &#8211; Col\u00f4mbia<br>21.09.2016<br>Iran 4&#215;4 Brasil (3&#215;2 pen), em Bucaramanga &#8211; Col\u00f4mbia<br>Espanha 5&#215;2 Cazaquist\u00e3o, em Medell\u00edn &#8211; Col\u00f4mbia<br>Portugal 4&#215;0 Costa Rica, em Cali &#8211; Col\u00f4mbia<br>22.09.2016<br>Argentina 1&#215;0 Ucr\u00e2nia, em Bucaramanga &#8211; Col\u00f4mbia<br>Egito 4&#215;3 It\u00e1lia, em Cali &#8211; Col\u00f4mbia<br>Azerbaij\u00e3o 13&#215;8 Tail\u00e2ndia, em Medell\u00edn &#8211; Col\u00f4mbia<\/p>\n\n\n\n<p><strong>Quartas de Final<\/strong><\/p>\n\n\n\n<p>24.09.2016<br>Iran 4&#215;3 Paraguai, em Bucaramanga &#8211; Col\u00f4mbia<br>R\u00fassia 6&#215;2 Espanha, Cali &#8211; Col\u00f4mbia<br>25.09.2016<br>Argentina 5&#215;0 Egito, em Medell\u00edn &#8211; Col\u00f4mbia<br>Portugal 3&#215;2 Azerbaij\u00e3o, em Cali &#8211; Col\u00f4mbia<\/p>\n\n\n\n<p><strong>Semi Final<\/strong><\/p>\n\n\n\n<p>27.09.2016<br>R\u00fassia 4&#215;3 Iran, em Medell\u00edn &#8211; Col\u00f4mbia<br>28.09.2016<br>Argentina 5&#215;2 Portugal, em Cali &#8211; Col\u00f4mbia<\/p>\n\n\n\n<p><strong>Decis\u00e3o do 3\u00ba Lugar<\/strong><\/p>\n\n\n\n<p>01.10.2021<br>Iran 2&#215;2 Portugal (4&#215;3 pen), em Cali &#8211; Col\u00f4mbia<\/p>\n\n\n\n<p><strong>Final<\/strong><\/p>\n\n\n\n<p>01.10.2016<br>Argentina 5&#215;4 R\u00fassia, em Cali &#8211; Col\u00f4mbia<\/p>\n\n\n\n<p>Fonte: Arquivos do Autor<\/p>\n\r\n","protected":false},"excerpt":{"rendered":"<p>Grupo A 10.09.2016Panam\u00e1 3&#215;1 Uzbequist\u00e3o, em Cali &#8211; Col\u00f4mbiaCol\u00f4mbia 1&#215;1 Portugal, em Cali &#8211; Col\u00f4mbia13.09.2016Portugal 9&#215;0 Panam\u00e1 em Cali &#8211; Col\u00f4mbiaCol\u00f4mbia 3&#215;3 Uzbequist\u00e3o, em Cali &#8211; Col\u00f4mbia16.09.2016Portugal 5&#215;1 Uzbequist\u00e3o, em Medell\u00edn &#8211; Col\u00f4mbiaCol\u00f4mbia 4&#215;3 Panam\u00e1, em Cali &#8211; Col\u00f4mbia Grupo B 10.09.2016Egito 7&#215;1 Cuba, em Medell\u00edn &#8211; Col\u00f4mbiaR\u00fassia 6&#215;4 Tail\u00e2ndia, em Medell\u00edn &#8211; Col\u00f4mbia13.09.2016R\u00fassia 6&#215;1 [&hellip;]<\/p>\n","protected":false},"author":2,"featured_media":0,"comment_status":"open","ping_status":"open","sticky":false,"template":"","format":"standard","meta":{"footnotes":""},"categories":[48,54,51],"tags":[],"class_list":["post-20154","post","type-post","status-publish","format-standard","hentry","category-campeonatos-historicos","category-fotos-historicas","category-futebol-de-praia-futsal"],"_links":{"self":[{"href":"https:\/\/arquivosfutebolbrasil.com.br\/blog\/wp-json\/wp\/v2\/posts\/20154"}],"collection":[{"href":"https:\/\/arquivosfutebolbrasil.com.br\/blog\/wp-json\/wp\/v2\/posts"}],"about":[{"href":"https:\/\/arquivosfutebolbrasil.com.br\/blog\/wp-json\/wp\/v2\/types\/post"}],"author":[{"embeddable":true,"href":"https:\/\/arquivosfutebolbrasil.com.br\/blog\/wp-json\/wp\/v2\/users\/2"}],"replies":[{"embeddable":true,"href":"https:\/\/arquivosfutebolbrasil.com.br\/blog\/wp-json\/wp\/v2\/comments?post=20154"}],"version-history":[{"count":1,"href":"https:\/\/arquivosfutebolbrasil.com.br\/blog\/wp-json\/wp\/v2\/posts\/20154\/revisions"}],"predecessor-version":[{"id":20156,"href":"https:\/\/arquivosfutebolbrasil.com.br\/blog\/wp-json\/wp\/v2\/posts\/20154\/revisions\/20156"}],"wp:attachment":[{"href":"https:\/\/arquivosfutebolbrasil.com.br\/blog\/wp-json\/wp\/v2\/media?parent=20154"}],"wp:term":[{"taxonomy":"category","embeddable":true,"href":"https:\/\/arquivosfutebolbrasil.com.br\/blog\/wp-json\/wp\/v2\/categories?post=20154"},{"taxonomy":"post_tag","embeddable":true,"href":"https:\/\/arquivosfutebolbrasil.com.br\/blog\/wp-json\/wp\/v2\/tags?post=20154"}],"curies":[{"name":"wp","href":"https:\/\/api.w.org\/{rel}","templated":true}]}}