{"id":20111,"date":"2021-09-29T19:43:04","date_gmt":"2021-09-29T22:43:04","guid":{"rendered":"https:\/\/arquivosfutebolbrasil.com.br\/blog\/?p=20111"},"modified":"2021-09-29T19:43:06","modified_gmt":"2021-09-29T22:43:06","slug":"campeonato-amapaense-2021","status":"publish","type":"post","link":"https:\/\/arquivosfutebolbrasil.com.br\/blog\/2021\/09\/29\/campeonato-amapaense-2021\/","title":{"rendered":"Campeonato Amapaense &#8211; 2021"},"content":{"rendered":"\n<figure class=\"wp-block-image size-full\"><img loading=\"lazy\" decoding=\"async\" width=\"695\" height=\"403\" src=\"https:\/\/arquivosfutebolbrasil.com.br\/blog\/wp-content\/uploads\/2021\/09\/image-28.png\" alt=\"\" class=\"wp-image-20113\" srcset=\"https:\/\/arquivosfutebolbrasil.com.br\/blog\/wp-content\/uploads\/2021\/09\/image-28.png 695w, https:\/\/arquivosfutebolbrasil.com.br\/blog\/wp-content\/uploads\/2021\/09\/image-28-300x174.png 300w\" sizes=\"(max-width: 695px) 100vw, 695px\" \/><figcaption>Trem Desportivo Clube (Campe\u00e3o)<\/figcaption><\/figure>\n\n\n\n<p><strong>Equipes Participantes:<\/strong><\/p>\n\n\n\n<p>Independente Esporte Clube (Santana)<br>Esporte Clube Macap\u00e1 (Macap\u00e1)<br>Santana Esporte Clube (Santana)<br>Santos Futebol Clube (Macap\u00e1)<br>S\u00e3o Paulo Futebol Clube (Macap\u00e1)<br>Trem Desportivo Clube (Macap\u00e1)<br>Ypiranga Clube (Macap\u00e1)<\/p>\n\n\n\n<p><strong>1\u00aa Fase<\/strong><\/p>\n\n\n\n<p>20.07.2021<br>Ypiranga 2&#215;2 Santos, em Macap\u00e1<br>22.07.2021<br>Macapa 1&#215;1 Santana, em Macap\u00e1<br>24.07.2021<br>Independente 5&#215;0 Trem, em Macap\u00e1<br>28.07.2021<br>Macap\u00e1 1&#215;1 Independente, em Macap\u00e1<br>29.07.2021<br>S\u00e3o Paulo 1&#215;1 Ypiranga, em Macap\u00e1<br>30.07.2021<br>Santos 3&#215;0 Santana, em Macap\u00e1<br>02.08.2021<br>S\u00e3o Paulo 1&#215;1 Trem, em Macap\u00e1<br>04.08.2021<br>Independente 1&#215;0 Ypiranga, em Macap\u00e1<br>05.08.2021<br>Santos 4&#215;0 Macap\u00e1, em Macap\u00e1<br>07.08.2021<br>Independente 1&#215;0 Santana, em Macap\u00e1<br>09.08.2021<br>S\u00e3o Paulo 6&#215;2 Macap\u00e1, em Macap\u00e1<br>11.08.2021<br>Trem 2&#215;0 Ypiranga, em Macap\u00e1<br>13.08.2021<br>S\u00e3o Paulo 4&#215;3 Santana, em Macap\u00e1<br>18.08.2021<br>Macap\u00e1 3&#215;2 Ypiranga, em Macap\u00e1<br>19.08.2021<br>Trem 1&#215;1 Santos, em Macap\u00e1<br>23.08.2021<br>Santos 3&#215;1 Independente, em Macap\u00e1<br>25.08.2021<br>Ypiranga 5&#215;0 Santana, em Macap\u00e1<br>26.08.2021<br>Trem 4&#215;2 Macap\u00e1, em Macap\u00e1<br>28.08.2021<br>S\u00e3o Paulo 3&#215;1 Independente, em Macap\u00e1<br>30.08.2021<br>Trem 3&#215;0 Santana, em Macap\u00e1<br>31.08.2021<br>Santos 4&#215;1 S\u00e3o Paulo, em Macap\u00e1<\/p>\n\n\n\n<pre class=\"wp-block-code\"><code>            J   V   E   D   GP  GC  PG<\/code><\/pre>\n\n\n\n<p>01\u00ba Santos 06 04 02 00 17 05 14<br>02\u00ba S\u00e3o Paulo 06 03 02 01 16 12 11<br>03\u00ba Trem 06 03 02 01 11 09 11<br>04\u00ba Independente 06 03 01 02 10 07 10<br>05\u00ba Ypiranga 06 01 02 03 10 09 05<br>06\u00ba Macap\u00e1 06 01 02 03 09 18 05<br>07\u00ba Santana 06 00 01 05 04 17 01<\/p>\n\n\n\n<p><strong>Semi Final<\/strong><\/p>\n\n\n\n<p>04.09.2021<br>S\u00e3o Paulo 0x0 Trem, em Macap\u00e1<br>09.09.2021<br>Trem 3&#215;1 S\u00e3o Paulo, em Macap\u00e1<br>14.09.2021<br>Santos 2&#215;0 Independente, em Macap\u00e1<br>17.09.2021<br>Santos 4&#215;3 Independente, em Macap\u00e1<\/p>\n\n\n\n<p><strong>Final<\/strong><\/p>\n\n\n\n<p>21.09.2021<br>Santos 0x0 Trem, em Macap\u00e1<br>24.09.2021<br>Trem 2&#215;2 Santos (5&#215;3 pen), em Macap\u00e1<\/p>\n\n\n\n<div class=\"wp-block-image\"><figure class=\"aligncenter size-full is-resized\"><img loading=\"lazy\" decoding=\"async\" src=\"https:\/\/arquivosfutebolbrasil.com.br\/blog\/wp-content\/uploads\/2021\/09\/image-27.png\" alt=\"\" class=\"wp-image-20112\" width=\"125\" height=\"136\"\/><\/figure><\/div>\n\n\n\n<p>Campe\u00e3o &#8211; Trem Desportivo Clube (Macap\u00e1 &#8211; AP)<\/p>\n\n\n\n<p>Fonte: Arquivos do Autor<\/p>\n\r\n","protected":false},"excerpt":{"rendered":"<p>Equipes Participantes: Independente Esporte Clube (Santana)Esporte Clube Macap\u00e1 (Macap\u00e1)Santana Esporte Clube (Santana)Santos Futebol Clube (Macap\u00e1)S\u00e3o Paulo Futebol Clube (Macap\u00e1)Trem Desportivo Clube (Macap\u00e1)Ypiranga Clube (Macap\u00e1) 1\u00aa Fase 20.07.2021Ypiranga 2&#215;2 Santos, em Macap\u00e122.07.2021Macapa 1&#215;1 Santana, em Macap\u00e124.07.2021Independente 5&#215;0 Trem, em Macap\u00e128.07.2021Macap\u00e1 1&#215;1 Independente, em Macap\u00e129.07.2021S\u00e3o Paulo 1&#215;1 Ypiranga, em Macap\u00e130.07.2021Santos 3&#215;0 Santana, em Macap\u00e102.08.2021S\u00e3o Paulo 1&#215;1 Trem, [&hellip;]<\/p>\n","protected":false},"author":2,"featured_media":0,"comment_status":"open","ping_status":"open","sticky":false,"template":"","format":"standard","meta":{"footnotes":""},"categories":[4,48,54,47],"tags":[],"class_list":["post-20111","post","type-post","status-publish","format-standard","hentry","category-amapa","category-campeonatos-historicos","category-fotos-historicas","category-jogos-historicos"],"_links":{"self":[{"href":"https:\/\/arquivosfutebolbrasil.com.br\/blog\/wp-json\/wp\/v2\/posts\/20111"}],"collection":[{"href":"https:\/\/arquivosfutebolbrasil.com.br\/blog\/wp-json\/wp\/v2\/posts"}],"about":[{"href":"https:\/\/arquivosfutebolbrasil.com.br\/blog\/wp-json\/wp\/v2\/types\/post"}],"author":[{"embeddable":true,"href":"https:\/\/arquivosfutebolbrasil.com.br\/blog\/wp-json\/wp\/v2\/users\/2"}],"replies":[{"embeddable":true,"href":"https:\/\/arquivosfutebolbrasil.com.br\/blog\/wp-json\/wp\/v2\/comments?post=20111"}],"version-history":[{"count":1,"href":"https:\/\/arquivosfutebolbrasil.com.br\/blog\/wp-json\/wp\/v2\/posts\/20111\/revisions"}],"predecessor-version":[{"id":20114,"href":"https:\/\/arquivosfutebolbrasil.com.br\/blog\/wp-json\/wp\/v2\/posts\/20111\/revisions\/20114"}],"wp:attachment":[{"href":"https:\/\/arquivosfutebolbrasil.com.br\/blog\/wp-json\/wp\/v2\/media?parent=20111"}],"wp:term":[{"taxonomy":"category","embeddable":true,"href":"https:\/\/arquivosfutebolbrasil.com.br\/blog\/wp-json\/wp\/v2\/categories?post=20111"},{"taxonomy":"post_tag","embeddable":true,"href":"https:\/\/arquivosfutebolbrasil.com.br\/blog\/wp-json\/wp\/v2\/tags?post=20111"}],"curies":[{"name":"wp","href":"https:\/\/api.w.org\/{rel}","templated":true}]}}