{"id":19074,"date":"2021-05-30T10:25:00","date_gmt":"2021-05-30T13:25:00","guid":{"rendered":"https:\/\/arquivosfutebolbrasil.com.br\/blog\/?p=19074"},"modified":"2021-05-27T10:27:06","modified_gmt":"2021-05-27T13:27:06","slug":"campeonato-citadino-de-porto-alegre-rs-aspirantes-1943","status":"publish","type":"post","link":"https:\/\/arquivosfutebolbrasil.com.br\/blog\/2021\/05\/30\/campeonato-citadino-de-porto-alegre-rs-aspirantes-1943\/","title":{"rendered":"Campeonato de Honra de Porto Alegre (RS) \u2013 Aspirantes \u2013 1943"},"content":{"rendered":"\n<p><strong>Turno \u00danico<\/strong><\/p>\n\n\n\n<p>14.04.1943<br>Cruzeiro 6&#215;5 For\u00e7a e Luz<br>18.04.1943<br>Internacional 8&#215;2 Nacional<br>21.04.1943<br>Gr\u00eamio 3&#215;3 S\u00e3o Jos\u00e9 (1)<br>25.04.1943<br>Cruzeiro 3&#215;2 Internacional<br>28.04.1943<br>Nacional 7&#215;2 S\u00e3o Jos\u00e9<br>02.05.1943<br>Gr\u00eamio 3&#215;1 For\u00e7a e Luz<br>05.05.1943<br>Cruzeiro 5&#215;0 S\u00e3o Jos\u00e9<br>09.05.1943<br>Internacional 2&#215;2 For\u00e7a e Luz (2)<br>12.05.1943<br>Gr\u00eamio 7&#215;1 Nacional<br>16.05.1943<br>Internacional 4&#215;1 S\u00e3o Jos\u00e9<br>19.05.1943<br>Nacional 4&#215;3 For\u00e7a e Luz<br>23.05.1943<br>Gr\u00eamio 2&#215;1 Cruzeiro<br>30.05.1943<br>Nacional 5&#215;3 Cruzeiro<br>03.06.1943<br>For\u00e7a e Luz 3&#215;2 S\u00e3o Jos\u00e9<br>06.06.1943<br>Internacional 2&#215;1 Gr\u00eamio<\/p>\n\n\n\n<p>(1) S\u00e3o Jos\u00e9 perdeu os pontos desta partida<br>(2) For\u00e7a e Luz perdeu os pontos desta partida<\/p>\n\n\n\n<pre class=\"wp-block-code\"><code>        J   V   E   D   GP  GC  PG<\/code><\/pre>\n\n\n\n<p>01\u00ba Gr\u00eamio 05 04 00 01 16 08 08<br>02\u00ba Internacional 05 04 00 01 18 09 08<br>03\u00ba Cruzeiro 05 03 00 02 18 14 06<br>04\u00ba Nacional 05 02 00 03 19 23 04<br>05\u00ba For\u00e7a e Luz 05 01 00 04 14 17 03<br>06\u00ba S\u00e3o Jos\u00e9 05 00 00 05 08 22 00<\/p>\n\n\n\n<p><strong>Final<\/strong><\/p>\n\n\n\n<p>12.06.1943<br>Gr\u00eamio 3&#215;2 Internacional<\/p>\n\n\n\n<p>Campe\u00e3o &#8211; Gr\u00eamio Football Porto Alegrense (Porto Alegre &#8211; RS)<\/p>\n\n\n\n<p>Fonte: Arquivos do Autor<\/p>\n\r\n","protected":false},"excerpt":{"rendered":"<p>Turno \u00danico 14.04.1943Cruzeiro 6&#215;5 For\u00e7a e Luz18.04.1943Internacional 8&#215;2 Nacional21.04.1943Gr\u00eamio 3&#215;3 S\u00e3o Jos\u00e9 (1)25.04.1943Cruzeiro 3&#215;2 Internacional28.04.1943Nacional 7&#215;2 S\u00e3o Jos\u00e902.05.1943Gr\u00eamio 3&#215;1 For\u00e7a e Luz05.05.1943Cruzeiro 5&#215;0 S\u00e3o Jos\u00e909.05.1943Internacional 2&#215;2 For\u00e7a e Luz (2)12.05.1943Gr\u00eamio 7&#215;1 Nacional16.05.1943Internacional 4&#215;1 S\u00e3o Jos\u00e919.05.1943Nacional 4&#215;3 For\u00e7a e Luz23.05.1943Gr\u00eamio 2&#215;1 Cruzeiro30.05.1943Nacional 5&#215;3 Cruzeiro03.06.1943For\u00e7a e Luz 3&#215;2 S\u00e3o Jos\u00e906.06.1943Internacional 2&#215;1 Gr\u00eamio (1) S\u00e3o Jos\u00e9 perdeu os [&hellip;]<\/p>\n","protected":false},"author":2,"featured_media":0,"comment_status":"open","ping_status":"open","sticky":false,"template":"","format":"standard","meta":{"footnotes":""},"categories":[48,32],"tags":[],"class_list":["post-19074","post","type-post","status-publish","format-standard","hentry","category-campeonatos-historicos","category-rio-grande-do-sul"],"_links":{"self":[{"href":"https:\/\/arquivosfutebolbrasil.com.br\/blog\/wp-json\/wp\/v2\/posts\/19074"}],"collection":[{"href":"https:\/\/arquivosfutebolbrasil.com.br\/blog\/wp-json\/wp\/v2\/posts"}],"about":[{"href":"https:\/\/arquivosfutebolbrasil.com.br\/blog\/wp-json\/wp\/v2\/types\/post"}],"author":[{"embeddable":true,"href":"https:\/\/arquivosfutebolbrasil.com.br\/blog\/wp-json\/wp\/v2\/users\/2"}],"replies":[{"embeddable":true,"href":"https:\/\/arquivosfutebolbrasil.com.br\/blog\/wp-json\/wp\/v2\/comments?post=19074"}],"version-history":[{"count":2,"href":"https:\/\/arquivosfutebolbrasil.com.br\/blog\/wp-json\/wp\/v2\/posts\/19074\/revisions"}],"predecessor-version":[{"id":19076,"href":"https:\/\/arquivosfutebolbrasil.com.br\/blog\/wp-json\/wp\/v2\/posts\/19074\/revisions\/19076"}],"wp:attachment":[{"href":"https:\/\/arquivosfutebolbrasil.com.br\/blog\/wp-json\/wp\/v2\/media?parent=19074"}],"wp:term":[{"taxonomy":"category","embeddable":true,"href":"https:\/\/arquivosfutebolbrasil.com.br\/blog\/wp-json\/wp\/v2\/categories?post=19074"},{"taxonomy":"post_tag","embeddable":true,"href":"https:\/\/arquivosfutebolbrasil.com.br\/blog\/wp-json\/wp\/v2\/tags?post=19074"}],"curies":[{"name":"wp","href":"https:\/\/api.w.org\/{rel}","templated":true}]}}