{"id":1901,"date":"2019-11-17T21:10:08","date_gmt":"2019-11-18T00:10:08","guid":{"rendered":"https:\/\/arquivosfutebolbrasil.com.br\/blog\/?p=1901"},"modified":"2019-11-17T10:10:37","modified_gmt":"2019-11-17T13:10:37","slug":"torneio-inicio-gaucho-1965","status":"publish","type":"post","link":"https:\/\/arquivosfutebolbrasil.com.br\/blog\/2019\/11\/17\/torneio-inicio-gaucho-1965\/","title":{"rendered":"Torneio In\u00edcio Ga\u00facho &#8211; 1965"},"content":{"rendered":"\n<p>Data: 30 de maio de 1965<br>\nLocal: Est\u00e1dio Ol\u00edmpico, em Porto Alegre \u2013 RS<br>\n<br>\n1\u00ba jogo \u2013 Aimor\u00e9 1&#215;0 Rio Grande<br>\n2\u00ba jogo \u2013 Cruzeiro 1&#215;0 Floriano<br>\n3\u00ba jogo \u2013 Gr\u00eamio 3&#215;0 Internacional<br>\n4\u00ba jogo \u2013 Aimor\u00e9 0x0 Cruzeiro (3&#215;1 pen)<br>\nFinal \u2013 Gr\u00eamio 0x0 Aimor\u00e9 (2&#215;1 pen)<\/p>\n\n\n\n<p>Campe\u00e3o \u2013 Gr\u00eamio de Footb Ball Porto Alegrense (Porto Alegre\n\u2013 RS)<\/p>\n\n\n\n<p>Fonte: Arquivos de Jos\u00e9 Luiz Tavares Maciel<\/p>\n\r\n","protected":false},"excerpt":{"rendered":"<p>Data: 30 de maio de 1965 Local: Est\u00e1dio Ol\u00edmpico, em Porto Alegre \u2013 RS 1\u00ba jogo \u2013 Aimor\u00e9 1&#215;0 Rio Grande 2\u00ba jogo \u2013 Cruzeiro 1&#215;0 Floriano 3\u00ba jogo \u2013 Gr\u00eamio 3&#215;0 Internacional 4\u00ba jogo \u2013 Aimor\u00e9 0x0 Cruzeiro (3&#215;1 pen) Final \u2013 Gr\u00eamio 0x0 Aimor\u00e9 (2&#215;1 pen) Campe\u00e3o \u2013 Gr\u00eamio de Footb Ball Porto [&hellip;]<\/p>\n","protected":false},"author":2,"featured_media":0,"comment_status":"open","ping_status":"open","sticky":false,"template":"","format":"standard","meta":{"footnotes":""},"categories":[48,32],"tags":[],"class_list":["post-1901","post","type-post","status-publish","format-standard","hentry","category-campeonatos-historicos","category-rio-grande-do-sul"],"_links":{"self":[{"href":"https:\/\/arquivosfutebolbrasil.com.br\/blog\/wp-json\/wp\/v2\/posts\/1901"}],"collection":[{"href":"https:\/\/arquivosfutebolbrasil.com.br\/blog\/wp-json\/wp\/v2\/posts"}],"about":[{"href":"https:\/\/arquivosfutebolbrasil.com.br\/blog\/wp-json\/wp\/v2\/types\/post"}],"author":[{"embeddable":true,"href":"https:\/\/arquivosfutebolbrasil.com.br\/blog\/wp-json\/wp\/v2\/users\/2"}],"replies":[{"embeddable":true,"href":"https:\/\/arquivosfutebolbrasil.com.br\/blog\/wp-json\/wp\/v2\/comments?post=1901"}],"version-history":[{"count":1,"href":"https:\/\/arquivosfutebolbrasil.com.br\/blog\/wp-json\/wp\/v2\/posts\/1901\/revisions"}],"predecessor-version":[{"id":1902,"href":"https:\/\/arquivosfutebolbrasil.com.br\/blog\/wp-json\/wp\/v2\/posts\/1901\/revisions\/1902"}],"wp:attachment":[{"href":"https:\/\/arquivosfutebolbrasil.com.br\/blog\/wp-json\/wp\/v2\/media?parent=1901"}],"wp:term":[{"taxonomy":"category","embeddable":true,"href":"https:\/\/arquivosfutebolbrasil.com.br\/blog\/wp-json\/wp\/v2\/categories?post=1901"},{"taxonomy":"post_tag","embeddable":true,"href":"https:\/\/arquivosfutebolbrasil.com.br\/blog\/wp-json\/wp\/v2\/tags?post=1901"}],"curies":[{"name":"wp","href":"https:\/\/api.w.org\/{rel}","templated":true}]}}