{"id":18915,"date":"2021-05-20T21:45:00","date_gmt":"2021-05-21T00:45:00","guid":{"rendered":"https:\/\/arquivosfutebolbrasil.com.br\/blog\/?p=18915"},"modified":"2021-05-17T21:46:22","modified_gmt":"2021-05-18T00:46:22","slug":"guarany-futebol-clube-bage-rs-temporada-oficial-de-2017","status":"publish","type":"post","link":"https:\/\/arquivosfutebolbrasil.com.br\/blog\/2021\/05\/20\/guarany-futebol-clube-bage-rs-temporada-oficial-de-2017\/","title":{"rendered":"Guarany Futebol Clube (Bag\u00e9 &#8211; RS) &#8211; Temporada Oficial de 2017"},"content":{"rendered":"\n<figure class=\"wp-block-image size-large\"><img loading=\"lazy\" decoding=\"async\" width=\"758\" height=\"518\" src=\"https:\/\/arquivosfutebolbrasil.com.br\/blog\/wp-content\/uploads\/2021\/05\/image-96.png\" alt=\"\" class=\"wp-image-18916\" srcset=\"https:\/\/arquivosfutebolbrasil.com.br\/blog\/wp-content\/uploads\/2021\/05\/image-96.png 758w, https:\/\/arquivosfutebolbrasil.com.br\/blog\/wp-content\/uploads\/2021\/05\/image-96-300x205.png 300w\" sizes=\"(max-width: 758px) 100vw, 758px\" \/><figcaption>Fonte: Paulinho Borges<\/figcaption><\/figure>\n\n\n\n<p><strong>Campeonato Ga\u00facho &#8211; 2\u00aa Divis\u00e3o<\/strong><\/p>\n\n\n\n<p>05.03.2017<br>Guarany 1&#215;2 S\u00e3o Gabriel (S\u00e3o Gabriel), em Bag\u00e9<br>12.03.2017<br>Guarany 1&#215;2 Internacional (Santa Maria), em Santa Maria<br>15.03.2017<br>Guarany 0x0 Avenida (Santa Cruz do Sul), em Bag\u00e9<br>19.03.2017<br>Guarany 2&#215;2 Pelotas (Pelotas), em Pelotas<br>22.03.2017<br>Guarany 1&#215;0 Aimor\u00e9 (S\u00e3o Leopoldo), em Bag\u00e9<br>26.03.2017<br>Guarany 0x3 Guarani (Ven\u00e2ncio Aires), em Ven\u00e2ncio Aires<br>01.04.2017<br>Guarany 3&#215;0 Santa Cruz (Santa Cruz do Sul), em Bag\u00e9<br>11.04.017<br>Guarany 0x1 Santa Cruz (Santa Cruz do Sul), em Santa Cruz do Sul<br>16.04.2017<br>Guarany 2&#215;3 Guarani (Ven\u00e2ncio Aires), em Bag\u00e9<br>19.04.2017<br>Guarany 0x2 Aimor\u00e9 (S\u00e3o Leopoldo), em S\u00e3o Leopoldo<br>22.04.2017<br>Guarany 1&#215;0 Pelotas (Pelotas), em Bag\u00e9<br>26.04.2017<br>Guarany 0x1 Avenida (Santa Cruz do Sul), em Santa Cruz do Sul<br>30.04.2017<br>Guarany 0x1 Internacional (Santa Maria), em Bag\u00e9<br>06.05.2017<br>Guarany 0x0 S\u00e3o Gabriel (S\u00e3o Gabriel), em S\u00e3o Gabriel<\/p>\n\n\n\n<p><strong>Copa FGF<\/strong><\/p>\n\n\n\n<p>20.08.2017<br>Guarany 1&#215;1 Pelotas (Pelotas), em Pelotas<br>26.08.2017<br>Guarany 0x0 Gr\u00eamio B (Porto Alegre), em Porto Alegre<br>31.08.2017<br>Guarany 1&#215;0 Bag\u00e9 (Bag\u00e9), em Bag\u00e9<br>03.09.2017<br>Guarany 1&#215;0 Gr\u00eamio B (Porto Alegre), em Bag\u00e9<br>10.09.2017<br>Guarany 2&#215;2 Pelotas (Pelotas), em Bag\u00e9<br>17.09.2017<br>Guarany 0x2 Bag\u00e9 (Bag\u00e9), em Bag\u00e9<br>27.09.2017<br>Guarany 1&#215;1 Pelotas (Pelotas), em Pelotas<br>01.10.2017<br>Guarany 1&#215;2 Pelotas (Pelotas), em Bag\u00e9<\/p>\n\n\n\n<p>Fonte: Arquivos do Autor<\/p>\n\r\n","protected":false},"excerpt":{"rendered":"<p>Campeonato Ga\u00facho &#8211; 2\u00aa Divis\u00e3o 05.03.2017Guarany 1&#215;2 S\u00e3o Gabriel (S\u00e3o Gabriel), em Bag\u00e912.03.2017Guarany 1&#215;2 Internacional (Santa Maria), em Santa Maria15.03.2017Guarany 0x0 Avenida (Santa Cruz do Sul), em Bag\u00e919.03.2017Guarany 2&#215;2 Pelotas (Pelotas), em Pelotas22.03.2017Guarany 1&#215;0 Aimor\u00e9 (S\u00e3o Leopoldo), em Bag\u00e926.03.2017Guarany 0x3 Guarani (Ven\u00e2ncio Aires), em Ven\u00e2ncio Aires01.04.2017Guarany 3&#215;0 Santa Cruz (Santa Cruz do Sul), em Bag\u00e911.04.017Guarany [&hellip;]<\/p>\n","protected":false},"author":2,"featured_media":0,"comment_status":"open","ping_status":"open","sticky":false,"template":"","format":"standard","meta":{"footnotes":""},"categories":[48,54,47,32,57],"tags":[],"class_list":["post-18915","post","type-post","status-publish","format-standard","hentry","category-campeonatos-historicos","category-fotos-historicas","category-jogos-historicos","category-rio-grande-do-sul","category-temporadas"],"_links":{"self":[{"href":"https:\/\/arquivosfutebolbrasil.com.br\/blog\/wp-json\/wp\/v2\/posts\/18915"}],"collection":[{"href":"https:\/\/arquivosfutebolbrasil.com.br\/blog\/wp-json\/wp\/v2\/posts"}],"about":[{"href":"https:\/\/arquivosfutebolbrasil.com.br\/blog\/wp-json\/wp\/v2\/types\/post"}],"author":[{"embeddable":true,"href":"https:\/\/arquivosfutebolbrasil.com.br\/blog\/wp-json\/wp\/v2\/users\/2"}],"replies":[{"embeddable":true,"href":"https:\/\/arquivosfutebolbrasil.com.br\/blog\/wp-json\/wp\/v2\/comments?post=18915"}],"version-history":[{"count":1,"href":"https:\/\/arquivosfutebolbrasil.com.br\/blog\/wp-json\/wp\/v2\/posts\/18915\/revisions"}],"predecessor-version":[{"id":18917,"href":"https:\/\/arquivosfutebolbrasil.com.br\/blog\/wp-json\/wp\/v2\/posts\/18915\/revisions\/18917"}],"wp:attachment":[{"href":"https:\/\/arquivosfutebolbrasil.com.br\/blog\/wp-json\/wp\/v2\/media?parent=18915"}],"wp:term":[{"taxonomy":"category","embeddable":true,"href":"https:\/\/arquivosfutebolbrasil.com.br\/blog\/wp-json\/wp\/v2\/categories?post=18915"},{"taxonomy":"post_tag","embeddable":true,"href":"https:\/\/arquivosfutebolbrasil.com.br\/blog\/wp-json\/wp\/v2\/tags?post=18915"}],"curies":[{"name":"wp","href":"https:\/\/api.w.org\/{rel}","templated":true}]}}